{"id":3872,"date":"2025-12-02T12:59:33","date_gmt":"2025-12-02T12:59:33","guid":{"rendered":"https:\/\/ewtnromania.com\/ro\/2025\/12\/02\/pope-leo-prays-at-beirut-blast-site-2\/"},"modified":"2025-12-02T12:59:33","modified_gmt":"2025-12-02T12:59:33","slug":"pope-leo-prays-at-beirut-blast-site-2","status":"publish","type":"post","link":"https:\/\/ewtnromania.com\/ro\/2025\/12\/02\/pope-leo-prays-at-beirut-blast-site-2\/","title":{"rendered":"Pope Leo Prays at Beirut Blast Site"},"content":{"rendered":"<p>Papa Leon se roag\u0103 la locul exploziei din Beirut, se \u00eent\u00e2lne\u0219te cu familiile care caut\u0103 dreptate Papa Leon al XIV-lea s-a oprit \u00een ultima diminea\u021b\u0103 a c\u0103l\u0103toriei sale \u00een Liban \u00een fa\u021ba ruinelor exploziei din portul Beirut, rug\u00e2ndu-se \u00een t\u0103cere \u0219i depun\u00e2nd o coroan\u0103 \u00een memoria victimelor. De asemenea, el s-a \u00eent\u00e2lnit cu familiile celor uci\u0219i \u0219i cu supravie\u021buitorii care \u00eenc\u0103 poart\u0103 r\u0103nile exploziei din 2020. Papa a aprins o lum\u00e2nare \u0219i a depus o coroan\u0103 de flori ro\u0219ii la fa\u021ba locului, iar la un moment dat a p\u0103rut c\u0103 \u00ee\u0219i st\u0103p\u00e2ne\u0219te lacrimile. Ulterior, el a vorbit cu membrii familiilor victimelor, unii dintre ace\u0219tia \u021bin\u00e2nd \u00een m\u00e2ini fotografii ale rudelor lor ucise \u00een explozie. Rug\u0103ciunea t\u0103cut\u0103 a papei \u00een port s-a desf\u0103\u0219urat \u00een contextul unei c\u0103ut\u0103ri nerezolvate de dreptate, o durere \u00eenc\u0103 resim\u021bit\u0103 \u00een Liban. La cinci ani de la explozia din 4 august 2020, una dintre cele mai mari explozii non-nucleare din istorie, familiile celor 236 de persoane ucise \u0219i ale celor peste 7 000 de r\u0103ni\u021bi spun c\u0103 \u00eenc\u0103 a\u0219teapt\u0103 adev\u0103rul \u0219i responsabilitatea. Cartiere \u00eentinse din Beirut au fost distruse, \u00eens\u0103 justi\u021bia este \u00een continuare evaziv\u0103. Prim-ministrul libanez Nawaf Salam l-a \u00eent\u00e2mpinat pe pap\u0103 la fa\u021ba locului. Ancheta din Liban a fost marcat\u0103 de interferen\u021be politice \u0219i lungi perioade de inactivitate. De\u0219i ancheta a fost reluat\u0103 oficial \u00een 2025, dup\u0103 o \u00eentrerupere de doi ani, aceasta r\u0103m\u00e2ne blocat\u0103. Guvernele succesive nu au reu\u0219it s\u0103 asigure un proces independent \u0219i impar\u021bial, l\u0103s\u00e2nd familiile victimelor s\u0103 se confrunte cu ceea ce ele descriu drept o negare prelungit\u0103 a justi\u021biei. Mai mul\u021bi \u00eenal\u021bi func\u021bionari convoca\u021bi de judec\u0103torul de instruc\u021bie Tarek Bitar au refuzat s\u0103 coopereze, invoc\u00e2nd imunitatea sau depun\u00e2nd contesta\u021bii legale care au \u00eenghe\u021bat \u00een mod repetat ancheta. Unele mi\u0219c\u0103ri au revenit la \u00eenceputul anului 2025. Judec\u0103torul Bitar \u0219i-a reluat activitatea \u00een februarie, dup\u0103 noile angajamente publice ale pre\u0219edintelui Joseph Aoun \u0219i ale prim-ministrului Salam de a sus\u021bine statul de drept. Luna urm\u0103toare, procurorul general interimar Jamal Hajjar a anulat m\u0103surile anterioare care paralizaser\u0103 ancheta. O serie de personalit\u0103\u021bi, inclusiv fostul prim-ministru Hassan Diab \u0219i generalul maior Abbas Ibrahim, au r\u0103spuns cita\u021biilor, \u00een timp ce al\u021bii, inclusiv membri ai parlamentului, au continuat s\u0103 refuze cooperarea. Urm\u0103ri\u021bi toat\u0103 acoperirea EWTN News a Primei c\u0103l\u0103torii apostolice a Papei Leon aici. Acest articol a fost publicat ini\u021bial de CNA. Primi\u021bi cele mai importante \u0219tiri de la EWTN Vatican prin WhatsApp. A devenit din ce \u00een ce mai dificil s\u0103 vede\u021bi \u0219tiri catolice pe social media. Abona\u021bi-v\u0103 ast\u0103zi la canalul nostru gratuit EWTN Vatican pe WhatsApp Elias Turk Dori\u021bi s\u0103 primi\u021bi cele mai recente actualiz\u0103ri despre Pap\u0103 \u0219i Vatican Primi\u021bi articole \u0219i actualiz\u0103ri din Newsletterul EWTN. Mai multe \u0219tiri legate de acest articol The Ministry of Saints: An Inside Look on Process of Sainthood and Carlo Acutis\u2019 Upcoming Canonization Vinicio, the Ill Man Whose Embrace with Pope Francis Moved the World, Passes Away Pelerinii din S\u0103pt\u0103m\u00e2na Sf\u00e2nt\u0103 din Roma fac plimb\u0103ri prin vechile \u0219apte biserici Noile restric\u021bii religioase din China limiteaz\u0103 sever activitatea misionar\u0103 str\u0103in\u0103 Papa Francisc la audien\u021ba general\u0103 \u00eendeamn\u0103 oamenii s\u0103 se roage pentru victimele inunda\u021biilor din Spania Sf\u00e2ntul Antonie Stare\u021bul: Tradi\u021bia binecuv\u00e2nt\u0103rii animalelor<\/p>\n<p><em>Surs\u0103: <a href=\"https:\/\/ewtnvatican.com\/articles\/pope-leo-beirut-blast-site-prayer\" target=\"_blank\" rel=\"noopener noreferrer\">https:\/\/ewtnvatican.com\/articles\/pope-leo-beirut-blast-site-prayer<\/a><\/em><\/p>","protected":false},"excerpt":{"rendered":"<p>Papa Leon se roag\u0103 la locul exploziei din Beirut, se \u00eent\u00e2lne\u0219te cu familiile care caut\u0103 dreptate Papa Leon al XIV-lea s-a oprit \u00een ultima diminea\u021b\u0103 a c\u0103l\u0103toriei sale \u00een Liban \u00een fa\u021ba ruinelor exploziei din portul Beirut, rug\u00e2ndu-se \u00een t\u0103cere \u0219i depun\u00e2nd o coroan\u0103 de flori \u00een memoria victimelor. El s-a \u00eent\u00e2lnit, de asemenea, cu familiile celor uci\u0219i \u0219i cu supravie\u021buitorii care \u00eenc\u0103 poart\u0103 [...]<\/p>","protected":false},"author":26,"featured_media":3871,"comment_status":"open","ping_status":"open","sticky":false,"template":"","format":"standard","meta":{"footnotes":""},"categories":[12],"tags":[],"class_list":["post-3872","post","type-post","status-publish","format-standard","has-post-thumbnail","hentry","category-vatican"],"_links":{"self":[{"href":"https:\/\/ewtnromania.com\/ro\/wp-json\/wp\/v2\/posts\/3872","targetHints":{"allow":["GET"]}}],"collection":[{"href":"https:\/\/ewtnromania.com\/ro\/wp-json\/wp\/v2\/posts"}],"about":[{"href":"https:\/\/ewtnromania.com\/ro\/wp-json\/wp\/v2\/types\/post"}],"author":[{"embeddable":true,"href":"https:\/\/ewtnromania.com\/ro\/wp-json\/wp\/v2\/users\/26"}],"replies":[{"embeddable":true,"href":"https:\/\/ewtnromania.com\/ro\/wp-json\/wp\/v2\/comments?post=3872"}],"version-history":[{"count":0,"href":"https:\/\/ewtnromania.com\/ro\/wp-json\/wp\/v2\/posts\/3872\/revisions"}],"wp:featuredmedia":[{"embeddable":true,"href":"https:\/\/ewtnromania.com\/ro\/wp-json\/wp\/v2\/media\/3871"}],"wp:attachment":[{"href":"https:\/\/ewtnromania.com\/ro\/wp-json\/wp\/v2\/media?parent=3872"}],"wp:term":[{"taxonomy":"category","embeddable":true,"href":"https:\/\/ewtnromania.com\/ro\/wp-json\/wp\/v2\/categories?post=3872"},{"taxonomy":"post_tag","embeddable":true,"href":"https:\/\/ewtnromania.com\/ro\/wp-json\/wp\/v2\/tags?post=3872"}],"curies":[{"name":"wp","href":"https:\/\/api.w.org\/{rel}","templated":true}]}}