{"id":3874,"date":"2025-12-02T12:53:37","date_gmt":"2025-12-02T12:53:37","guid":{"rendered":"https:\/\/ewtnromania.com\/ro\/2025\/12\/02\/pope-leo-put-the-sick-at-the-center-of-society-2\/"},"modified":"2025-12-02T12:53:37","modified_gmt":"2025-12-02T12:53:37","slug":"pope-leo-put-the-sick-at-the-center-of-society-2","status":"publish","type":"post","link":"https:\/\/ewtnromania.com\/ro\/2025\/12\/02\/pope-leo-put-the-sick-at-the-center-of-society-2\/","title":{"rendered":"Pope Leo: Put the Sick at the Center of Society"},"content":{"rendered":"<p>Papa Leon \u00eendeamn\u0103 Libanul s\u0103 plaseze bolnavii \u00een centrul societ\u0103\u021bii Papa Leon al XIV-lea le-a spus pacien\u021bilor \u0219i \u00eengrijitorilor din spitalele din Liban c\u0103 a venit \u201cacolo unde locuie\u0219te Iisus\u201d, ad\u0103ug\u00e2nd c\u0103 Hristos este prezent \u201c\u00een voi care sunte\u021bi bolnavi \u0219i \u00een voi care ave\u021bi grij\u0103 de cei bolnavi\u201d. Sf\u00e2ntul P\u0103rinte a transmis mesajul \u00een timpul unei vizite de mar\u021bi diminea\u021b\u0103 la spitalul De La Croix din Jal el Dib, una dintre ultimele opriri ale c\u0103l\u0103toriei sale \u00een Liban, \u021bar\u0103 care continu\u0103 s\u0103 se lupte cu r\u0103nile conflictului \u0219i ale colapsului economic. Sf\u00e2ntul P\u0103rinte s-a adresat personalului, pacien\u021bilor \u0219i Surorilor Franciscane ale Crucii care administreaz\u0103 institu\u021bia. Referindu-se la fondatorul spitalului, Fericitul Yaaqub El-Haddad, Papa Leon l-a descris drept un \u201cneobosit apostol al carit\u0103\u021bii\u201d, al c\u0103rui devotament fa\u021b\u0103 de suferin\u021b\u0103 a modelat identitatea institu\u021biei. \u201cPrezen\u021ba voastr\u0103 este un semn tangibil al iubirii milostive a lui Hristos\u201d, le-a spus Leo lucr\u0103torilor din domeniul s\u0103n\u0103t\u0103\u021bii, compar\u00e2nd serviciul lor cu bunul samaritean care s-a oprit pentru omul r\u0103nit. El i-a \u00eendemnat s\u0103 nu-\u0219i piard\u0103 curajul atunci c\u00e2nd oboseala sau descurajarea se instaleaz\u0103. \u201c\u021aine\u021bi \u00een fa\u021ba ochilor binele pe care \u00eel pute\u021bi realiza. \u00cen ochii lui Dumnezeu, este o lucrare mare\u201d. Papa Leon a lansat \u0219i un apel adresat societ\u0103\u021bii libaneze. O comunitate concentrat\u0103 doar pe realiz\u0103ri \u0219i bun\u0103stare, a avertizat el, risc\u0103 s\u0103 \u00ee\u0219i abandoneze membrii cei mai vulnerabili. \u201cNu putem concepe o societate care merge \u00eenainte cu vitez\u0103 maxim\u0103, ignor\u00e2nd at\u00e2t de multe situa\u021bii de s\u0103r\u0103cie \u0219i vulnerabilitate\u201d. Cre\u0219tinii, a insistat el, sunt chema\u021bi s\u0103 fac\u0103 din s\u0103raci o prioritate, deoarece \u201cstrig\u0103tul s\u0103racilor\u201d, auzit \u00een \u00eentreaga Scriptur\u0103, continu\u0103 s\u0103 cear\u0103 un r\u0103spuns. Jal el Dib, un ora\u0219 din districtul libanez Matn, cu o popula\u021bie majoritar catolic\u0103 maronit\u0103, s-a transformat dintr-un mic popas din epoca otoman\u0103 pe ruta Beirut-Tripoli \u00eentr-un centru comercial \u00een timpul mandatului francez, perioada de guvernare administrat\u0103 de Fran\u021ba care a modelat o mare parte din Libanul modern dup\u0103 Primul R\u0103zboi Mondial. \u00cen acest context, institu\u021bia De La Croix, fondat\u0103 \u00een 1919 de Fericitul Yaaqub, a devenit unul dintre cele mai importante centre din regiune pentru \u00eengrijirea psihiatric\u0103 \u0219i serviciile de handicap mintal. Operat de Surorile Franciscane ale Crucii, acesta include acum cinci pavilioane pentru pacien\u021bi \u0219i deserve\u0219te peste 2 200 de persoane \u00een fiecare an. \u00centorc\u00e2ndu-se c\u0103tre pacien\u021bi, Papa a subliniat demnitatea lor \u0219i locul lor \u00een inima lui Dumnezeu. \u201cSunte\u021bi aproape de inima lui Dumnezeu, Tat\u0103l nostru. El v\u0103 \u021bine \u00een palma sa\u201d, a spus el. \u201cAst\u0103zi, Domnul v\u0103 repet\u0103 fiec\u0103ruia dintre voi: \u2018Te iubesc, \u00eemi pas\u0103 de tine, e\u0219ti copilul meu. Nu uita\u021bi niciodat\u0103 acest lucru!\u2019\u201d \u00cen unele momente din timpul vizitei, Leo p\u0103rea s\u0103 \u00ee\u0219i st\u0103p\u00e2neasc\u0103 lacrimile. Dup\u0103 evenimentul public, Papa Leon a fost programat s\u0103 viziteze \u00een privat unul dintre pavilioanele spitalului pentru a se \u00eent\u00e2lni cu pacien\u021bii \u0219i personalul. Urm\u0103ri\u021bi toate reportajele EWTN News despre prima c\u0103l\u0103torie apostolic\u0103 a Papei Leon aici. Acest articol a fost publicat ini\u021bial de CNA. Primi\u021bi cele mai importante \u0219tiri de la EWTN Vatican prin WhatsApp. A devenit din ce \u00een ce mai dificil s\u0103 vede\u021bi \u0219tiri catolice pe social media. Abona\u021bi-v\u0103 ast\u0103zi la canalul nostru gratuit EWTN Vatican pe WhatsApp Elias Turk Dori\u021bi s\u0103 primi\u021bi cele mai recente actualiz\u0103ri despre Pap\u0103 \u0219i Vatican Primi\u021bi articole \u0219i actualiz\u0103ri din Newsletterul EWTN. Mai multe \u0219tiri legate de acest articol \u201cCopiii c\u00e2nt\u0103re\u021bi ai lui Dumnezeu\u201d Face\u021bi cuno\u0219tin\u021b\u0103 cu Papa Inima Sacr\u0103 arat\u0103 calea de urmat \u00een era IA, spune Papa Francisc \u00een noua enciclic\u0103 \u2018Dilexit Nos\u2019 Cardinalii sud-americani care intr\u0103 \u00een Conclav 2025: Cine sunt ei? Alege\u021bi dintre voi \u0219apte b\u0103rba\u021bi de bun\u0103 reputa\u021bie: Ordinarea Diaconatului CNA Cel\u0103lalt Charles la Roma: \u2018Bonnie Prince Charlie\u2019 este \u00eenmorm\u00e2ntat \u00een Bazilica Sf\u00e2ntul Petru Cicli\u0219ti de talie mondial\u0103 vor \u00eenconjura Vaticanul \u0219i \u00eel vor \u00eent\u00e2lni pe Papa Leon al XIV-lea<\/p>\n<p><em>Surs\u0103: <a href=\"https:\/\/ewtnvatican.com\/articles\/pope-leo-lebanon-sick-center-society\" target=\"_blank\" rel=\"noopener noreferrer\">https:\/\/ewtnvatican.com\/articles\/pope-leo-lebanon-sick-center-society<\/a><\/em><\/p>","protected":false},"excerpt":{"rendered":"<p>Papa Leon \u00eendeamn\u0103 Libanul s\u0103 plaseze bolnavii \u00een centrul societ\u0103\u021bii Papa Leon al XIV-lea le-a spus pacien\u021bilor \u0219i \u00eengrijitorilor din spitalele din Liban c\u0103 a venit \u201cacolo unde locuie\u0219te Iisus\u201d, ad\u0103ug\u00e2nd c\u0103 Hristos este prezent \u201c\u00een voi care sunte\u021bi bolnavi \u0219i \u00een voi care ave\u021bi grij\u0103 de cei bolnavi\u201d. El a transmis mesajul \u00een timpul unei [...]<\/p>","protected":false},"author":26,"featured_media":3873,"comment_status":"open","ping_status":"open","sticky":false,"template":"","format":"standard","meta":{"footnotes":""},"categories":[12],"tags":[],"class_list":["post-3874","post","type-post","status-publish","format-standard","has-post-thumbnail","hentry","category-vatican"],"_links":{"self":[{"href":"https:\/\/ewtnromania.com\/ro\/wp-json\/wp\/v2\/posts\/3874","targetHints":{"allow":["GET"]}}],"collection":[{"href":"https:\/\/ewtnromania.com\/ro\/wp-json\/wp\/v2\/posts"}],"about":[{"href":"https:\/\/ewtnromania.com\/ro\/wp-json\/wp\/v2\/types\/post"}],"author":[{"embeddable":true,"href":"https:\/\/ewtnromania.com\/ro\/wp-json\/wp\/v2\/users\/26"}],"replies":[{"embeddable":true,"href":"https:\/\/ewtnromania.com\/ro\/wp-json\/wp\/v2\/comments?post=3874"}],"version-history":[{"count":0,"href":"https:\/\/ewtnromania.com\/ro\/wp-json\/wp\/v2\/posts\/3874\/revisions"}],"wp:featuredmedia":[{"embeddable":true,"href":"https:\/\/ewtnromania.com\/ro\/wp-json\/wp\/v2\/media\/3873"}],"wp:attachment":[{"href":"https:\/\/ewtnromania.com\/ro\/wp-json\/wp\/v2\/media?parent=3874"}],"wp:term":[{"taxonomy":"category","embeddable":true,"href":"https:\/\/ewtnromania.com\/ro\/wp-json\/wp\/v2\/categories?post=3874"},{"taxonomy":"post_tag","embeddable":true,"href":"https:\/\/ewtnromania.com\/ro\/wp-json\/wp\/v2\/tags?post=3874"}],"curies":[{"name":"wp","href":"https:\/\/api.w.org\/{rel}","templated":true}]}}