{"id":3938,"date":"2025-12-01T15:24:18","date_gmt":"2025-12-01T15:24:18","guid":{"rendered":"https:\/\/ewtnromania.com\/ro\/2025\/12\/01\/pope-leo-offers-lebanon-a-way-to-hope-even-when-surrounded-by-the-sound-of-weapons-2\/"},"modified":"2025-12-01T15:24:18","modified_gmt":"2025-12-01T15:24:18","slug":"pope-leo-offers-lebanon-a-way-to-hope-even-when-surrounded-by-the-sound-of-weapons-2","status":"publish","type":"post","link":"https:\/\/ewtnromania.com\/ro\/2025\/12\/01\/pope-leo-offers-lebanon-a-way-to-hope-even-when-surrounded-by-the-sound-of-weapons-2\/","title":{"rendered":"Pope Leo offers Lebanon a way to hope \u2018even when surrounded by the sound of weapons\u2019"},"content":{"rendered":"<p>Papa Leon ofer\u0103 Libanului un mod de a spera \u2018chiar \u0219i atunci c\u00e2nd sunt \u00eenconjura\u021bi de sunetul armelor\u2019 Papa Leon al XIV-lea le-a spus luni episcopilor, clerului \u0219i lucr\u0103torilor pastorali din Liban c\u0103 cre\u0219tinii pot r\u0103m\u00e2ne fermi \u00een speran\u021b\u0103 \u201cchiar \u0219i atunci c\u00e2nd sunt \u00eenconjura\u021bi de sunetul armelor\u201d, \u00eendemn\u00e2ndu-i s\u0103 se uite la Fecioara Maria ca la un model de credin\u021b\u0103 \u00een vremuri \u00eentunecate \u0219i nesigure. \u00cent\u00e2lnindu-i la Sanctuarul Maicii Domnului din Liban din Harissa \u00een a doua zi a vizitei sale apostolice, Papa a spus c\u0103 Maria \u00eei \u00eenva\u021b\u0103 pe credincio\u0219i cum s\u0103 persevereze atunci c\u00e2nd via\u021ba de zi cu zi devine o lupt\u0103. \u201cFiind cu Maria la picioarele Crucii lui Isus, rug\u0103ciunea noastr\u0103, acea punte invizibil\u0103 care une\u0219te inimile, ne d\u0103 puterea de a continua s\u0103 sper\u0103m \u0219i s\u0103 lucr\u0103m\u2019, a spus el. Leo a amintit cuvintele Sf\u00e2ntului Ioan Paul al II-lea adresate libanezilor - \u201d\u00cen Libanul de ast\u0103zi, voi sunte\u021bi cei responsabili pentru speran\u021b\u0103\u201c - \u0219i i-a \u00eendemnat pe credincio\u0219i s\u0103 cultive un climat de fraternitate oriunde tr\u0103iesc \u0219i muncesc. El a subliniat necesitatea de a avea \u00eencredere unii \u00een al\u021bii, astfel \u00eenc\u00e2t \u201dputerea regeneratoare a iert\u0103rii \u0219i a milei s\u0103 triumfe\u201c, ad\u0103ug\u00e2nd c\u0103 roadele acestui mesaj sunt vizibile \u00een rezisten\u021ba Libanului. Papa a comparat credin\u021ba cu o ancor\u0103 care rezist\u0103 ferm \u00een turbulen\u021be. \u201dCredin\u021ba noastr\u0103 este o ancor\u0103 \u00een cer\u201c, a spus el. \u201d\u021aine\u021bi-v\u0103 bine de fr\u00e2nghie\u201c. El le-a reamintit celor prezen\u021bi c\u0103 pacea necesit\u0103 iubire f\u0103r\u0103 team\u0103 \u0219i d\u0103ruire f\u0103r\u0103 m\u0103sur\u0103. Cit\u00e2ndu-l pe Papa Benedict al XVI-lea, Leo a spus c\u0103 cre\u0219tinii sunt chema\u021bi s\u0103 celebreze \u201dvictoria iubirii asupra urii... iertarea asupra r\u0103zbun\u0103rii\u201c, un mesaj despre care a spus c\u0103 continu\u0103 s\u0103 ghideze misiunea Bisericii. \u00cen timpul adun\u0103rii, Papa Leo a fost \u00eent\u00e2mpinat de clerici \u0219i de rectorul sanctuarului \u00eenainte de a se deplasa la prezbiteriu, unde a fost salutat de Patriarhul armean catolic Rapha\u00ebl Bedros XXI Minassian. Celebrarea a inclus rug\u0103ciuni, m\u0103rturii, c\u00e2ntece arabe, citirea Evangheliei (Ioan 19:25-27), Magnificat, Tat\u0103l nostru, o binecuv\u00e2ntare, imnuri mariane \u0219i schimbul de daruri. Papa Leon a prezentat, de asemenea, un trandafir de aur Fecioarei Maria, un dar papal tradi\u021bional pentru sanctuarele mariane majore. Ornamentul, o ramur\u0103 aurit\u0103 de trandafiri a\u0219ezat\u0103 \u00eentr-un vas de argint \u0219i montat\u0103 pe marmur\u0103 alb\u0103, poart\u0103 stema papal\u0103 \u0219i simbolizeaz\u0103 devotamentul papei fa\u021b\u0103 de Maica Domnului. Leo a spus c\u0103 parfumul trandafirului \u00eei cheam\u0103 pe cre\u0219tini s\u0103 fie \u201dparfumul lui Hristos\u201c, f\u0103c\u00e2nd o paralel\u0103 cu bog\u0103\u021bia \u0219i diversitatea meselor familiei libaneze \u0219i \u00eencuraj\u00e2ndu-i pe credincio\u0219i s\u0103 tr\u0103iasc\u0103 acest spirit de iubire \u00eemp\u0103rt\u0103\u0219it\u0103 \u00een fiecare zi. Papa a eviden\u021biat, de asemenea, m\u0103rturiile \u00eemp\u0103rt\u0103\u0219ite \u00een timpul \u00eent\u00e2lnirii. P\u0103rintele Youhanna a vorbit despre Debbabiy\u00e9, unde cre\u0219tinii, musulmanii \u0219i refugia\u021bii tr\u0103iesc \u00eempreun\u0103 \u00een \u00eencredere reciproc\u0103. Loren, un lucr\u0103tor migrant, a f\u0103cut apel la toate comunit\u0103\u021bile s\u0103 \u00eei primeasc\u0103 pe cei for\u021ba\u021bi s\u0103 plece din casele lor, spun\u00e2ndu-le: \u201dBine a\u021bi venit acas\u0103!\u201c Sora Dima a descris modul \u00een care o \u0219coal\u0103 a r\u0103mas deschis\u0103 \u00een timpul violen\u021belor, \u00eenv\u0103\u021b\u00e2ndu-i pe copii s\u0103 \u00eempart\u0103 \u201dp\u00e2inea, frica \u0219i speran\u021ba\u201c. Papa a remarcat c\u0103 sanctuarul \u00een sine r\u0103m\u00e2ne \u201dun simbol al unit\u0103\u021bii pentru \u00eentregul popor libanez\u201c. \u00cen\u0103l\u021b\u00e2ndu-se la aproximativ 2 130 de metri deasupra nivelului m\u0103rii \u0219i la aproximativ 16 mile nord de Beirut, sanctuarul ofer\u0103 vederi panoramice asupra Golfului Jounieh \u0219i se afl\u0103 nu departe de Bkerke, sediul Patriarhului Maronit. Statuia din bronz vopsit \u00een alb a Maicii Domnului din Liban, \u00eenalt\u0103 de 28 de picioare \u0219i c\u00e2nt\u0103rind aproximativ 33 000 de kilograme, a fost turnat\u0103 \u00een Fran\u021ba \u0219i amplasat\u0103 pe un piedestal din piatr\u0103 de 66 de picioare, \u00een form\u0103 de trunchi de copac. Bazilica adiacent\u0103, proiectat\u0103 pentru a evoca at\u00e2t un copac de cedru, c\u00e2t \u0219i o nav\u0103 fenician\u0103, are o capacitate de aproximativ 3 500 de locuri \u0219i se deschide spre statuia marian\u0103 prin fa\u021bada sa din sticl\u0103. Situl este \u00eencredin\u021bat misionarilor maroni\u021bi libanezi. Mai t\u00e2rziu, la Nun\u021biatura Apostolic\u0103, Papa Leon urma s\u0103 \u00eent\u00e2mpine Consiliul Patriarhiilor Catolice Orientale \u00eempreun\u0103 cu cardinalul Pietro Parolin, secretarul de stat al Vaticanului, \u0219i cardinalul Claudio Gugerotti, prefectul Dicasterului pentru Bisericile Orientale. Apoi a fost stabilit s\u0103 \u00eemp\u0103rt\u0103\u0219easc\u0103 pr\u00e2nzul cu ei \u0219i cu patriarhii ortodoc\u0219i ai \u021b\u0103rii, \u00eenso\u021bi\u021bi de cardinalul Kurt Koch, prefectul Dicasteriei pentru promovarea unit\u0103\u021bii cre\u0219tine, \u00eentr-un gest care subliniaz\u0103 dimensiunea ecumenic\u0103 a vizitei sale. Acest articol a fost publicat ini\u021bial pe CNA. Urm\u0103ri\u021bi aici toat\u0103 acoperirea EWTN News a primei c\u0103l\u0103torii apostolice a Papei Leon. Primi\u021bi cele mai importante \u0219tiri de la EWTN Vatican prin WhatsApp. A devenit din ce \u00een ce mai dificil s\u0103 vede\u021bi \u0219tiri catolice pe social media. Abona\u021bi-v\u0103 ast\u0103zi la canalul nostru gratuit EWTN Vatican pe WhatsApp Elias Turk Dori\u021bi s\u0103 primi\u021bi cele mai recente actualiz\u0103ri despre Pap\u0103 \u0219i Vatican Primi\u021bi articole \u0219i actualiz\u0103ri din Newsletterul EWTN. Mai multe \u0219tiri legate de acest articol Serviciul care sus\u021bine familia: Pove\u0219ti inspiratoare din Quito, Ecuador Papa Francisc: Ruga\u021bi-v\u0103 ca Evanghelia s\u0103 poat\u0103 fi \u00eemp\u0103rt\u0103\u0219it\u0103 liber \u00een China \u00cen\u021belegerea rolului Sf\u00e2ntului Scaun la Na\u021biunile Unite Papa Leon al XIV-lea c\u0103tre produc\u0103torii de film: Filmul poate portretiza \u201ddorul de infinit\u2018 Activi\u0219tii pentru drepturile animalelor \u00eei cer Papei Francisc s\u0103 pun\u0103 cap\u0103t luptelor cu tauri La Conferin\u021ba de la Vatican, cercet\u0103tori catolici \u0219i evrei discut\u0103 despre credin\u021b\u0103 ca fundament al eticii<\/p>\n<p><em>Surs\u0103: <a href=\"https:\/\/ewtnvatican.com\/articles\/pope-leo-meets-lebanon-bishops-priests-religious\" target=\"_blank\" rel=\"noopener noreferrer\">https:\/\/ewtnvatican.com\/articles\/pope-leo-meets-lebanon-bishops-priests-religious<\/a><\/em><\/p>","protected":false},"excerpt":{"rendered":"<p>Papa Leon ofer\u0103 Libanului o cale de a spera \u2018chiar \u0219i atunci c\u00e2nd sunt \u00eenconjura\u021bi de sunetul armelor\u2019 Papa Leon al XIV-lea le-a spus luni episcopilor, clerului \u0219i lucr\u0103torilor pastorali din Liban c\u0103 cre\u0219tinii pot r\u0103m\u00e2ne fermi \u00een speran\u021b\u0103 \u201cchiar \u0219i atunci c\u00e2nd sunt \u00eenconjura\u021bi de sunetul armelor\u201d, \u00eendemn\u00e2ndu-i s\u0103 se uite la Fecioara Maria ca la un model de [...]<\/p>","protected":false},"author":26,"featured_media":3937,"comment_status":"open","ping_status":"open","sticky":false,"template":"","format":"standard","meta":{"footnotes":""},"categories":[12],"tags":[],"class_list":["post-3938","post","type-post","status-publish","format-standard","has-post-thumbnail","hentry","category-vatican"],"_links":{"self":[{"href":"https:\/\/ewtnromania.com\/ro\/wp-json\/wp\/v2\/posts\/3938","targetHints":{"allow":["GET"]}}],"collection":[{"href":"https:\/\/ewtnromania.com\/ro\/wp-json\/wp\/v2\/posts"}],"about":[{"href":"https:\/\/ewtnromania.com\/ro\/wp-json\/wp\/v2\/types\/post"}],"author":[{"embeddable":true,"href":"https:\/\/ewtnromania.com\/ro\/wp-json\/wp\/v2\/users\/26"}],"replies":[{"embeddable":true,"href":"https:\/\/ewtnromania.com\/ro\/wp-json\/wp\/v2\/comments?post=3938"}],"version-history":[{"count":0,"href":"https:\/\/ewtnromania.com\/ro\/wp-json\/wp\/v2\/posts\/3938\/revisions"}],"wp:featuredmedia":[{"embeddable":true,"href":"https:\/\/ewtnromania.com\/ro\/wp-json\/wp\/v2\/media\/3937"}],"wp:attachment":[{"href":"https:\/\/ewtnromania.com\/ro\/wp-json\/wp\/v2\/media?parent=3938"}],"wp:term":[{"taxonomy":"category","embeddable":true,"href":"https:\/\/ewtnromania.com\/ro\/wp-json\/wp\/v2\/categories?post=3938"},{"taxonomy":"post_tag","embeddable":true,"href":"https:\/\/ewtnromania.com\/ro\/wp-json\/wp\/v2\/tags?post=3938"}],"curies":[{"name":"wp","href":"https:\/\/api.w.org\/{rel}","templated":true}]}}