{"id":3956,"date":"2025-12-01T10:29:41","date_gmt":"2025-12-01T10:29:41","guid":{"rendered":"https:\/\/ewtnromania.com\/ro\/2025\/12\/01\/pope-leo-prays-at-saint-charbels-tomb-in-lebanon-2\/"},"modified":"2025-12-01T10:29:41","modified_gmt":"2025-12-01T10:29:41","slug":"pope-leo-prays-at-saint-charbels-tomb-in-lebanon-2","status":"publish","type":"post","link":"https:\/\/ewtnromania.com\/ro\/2025\/12\/01\/pope-leo-prays-at-saint-charbels-tomb-in-lebanon-2\/","title":{"rendered":"Pope Leo Prays at Saint Charbel\u2019s Tomb in Lebanon"},"content":{"rendered":"<p>Papa Leon \u00eencredin\u021beaz\u0103 Libanul mijlocirii Sf\u00e2ntului Charbel, se roag\u0103 la morm\u00e2ntul acestuia Papa Leon al XIV-lea \u0219i-a \u00eenceput luni a doua zi \u00een Liban cu un pelerinaj profund simbolic la morm\u00e2ntul Sf\u00e2ntului Charbel Makhlouf, \u00eencredin\u021b\u00e2nd \u021bara \u0219i Orientul Mijlociu \u00een general mijlocirii sf\u00e2ntului pe care mul\u021bi libanezi, cre\u0219tini \u0219i musulmani deopotriv\u0103, \u00eel invoc\u0103 drept \u201cmedicul ceresc\u201d. Papa a c\u0103l\u0103torit aproximativ 40 de kilometri cu ma\u0219ina de la Nun\u021biatura Apostolic\u0103 din Harissa p\u00e2n\u0103 la m\u0103n\u0103stirea Sf\u00e2ntului Maron din Annaya, situat\u0103 pe v\u00e2rful dealului, unde mii de pelerini vin \u00een fiecare an \u00een c\u0103utare de vindecare \u0219i consolare. Arhivele m\u0103n\u0103stirii \u00eenregistreaz\u0103 aproape 30 000 de miracole atribuite mijlocirii Sf\u00e2ntului Charbel, inclusiv multe raportate de musulmani, un semn, a remarcat Papa, al locului unic al lui Charbel \u00een peisajul spiritual al Libanului. Papa Leon s-a rugat \u00een t\u0103cere la morm\u00e2ntul sf\u00e2ntului \u00eenainte de a fi \u00eent\u00e2mpinat de abatele Hady Mahfouz, superiorul general al Ordinului maronit libanez. El a oferit apoi o reflec\u021bie asupra mesajului de durat\u0103 al Sf\u00e2ntului Charbel. \u201cCe ne \u00eenva\u021b\u0103 ast\u0103zi Sf\u00e2ntul Charbel?\u201d a \u00eentrebat Papa Leon. \u00cen ciuda faptului c\u0103 nu a l\u0103sat \u00een urm\u0103 nicio scriere, a spus el, pustnicul din Annaya continu\u0103 s\u0103 vorbeasc\u0103 cu o putere surprinz\u0103toare. \u201cDuhul Sf\u00e2nt l-a format astfel \u00eenc\u00e2t s\u0103 \u00eei poat\u0103 \u00eenv\u0103\u021ba pe cei care tr\u0103iesc f\u0103r\u0103 Dumnezeu cum s\u0103 se roage, pe cei cufunda\u021bi \u00een zgomot cum s\u0103 tac\u0103\u201d. De asemenea, Charbel \u00eei \u00eenva\u021b\u0103 \u201cpe cei care tr\u0103iesc ostentativ cum s\u0103 fie mode\u0219ti, iar pe cei care caut\u0103 bog\u0103\u021bii cum s\u0103 fie s\u0103raci\u201d. Acest mesaj, a ad\u0103ugat el, este adresat tuturor cre\u0219tinilor \u0219i \u201cne aminte\u0219te nou\u0103, episcopilor \u0219i slujitorilor hirotoni\u021bi, de cerin\u021bele evanghelice ale voca\u021biei noastre\u201d. Papa a descris mijlocirea sf\u00e2ntului ca fiind \u201cun r\u00e2u de mil\u0103\u201d, amintind \u00een special de pelerinajul lunar organizat \u00een fiecare zi de 22 a lunii \u00een memoria unui miracol acordat unei femei pe nume Nouhad El Chami, o devo\u021biune care atrage \u00eenc\u0103 mii de persoane. Papa Leon s-a rugat pentru unitate \u00een cadrul Bisericii \u0219i pentru pace \u00een Liban \u0219i Levant. \u201cNu exist\u0103 pace f\u0103r\u0103 convertirea inimilor\u201d, a avertizat el. \u00cen semn de \u00eencredin\u021bare, el a oferit m\u0103n\u0103stirii o lamp\u0103 aprins\u0103, rug\u00e2ndu-se ca Libanul \u201cs\u0103 mearg\u0103 mereu \u00een lumina lui Hristos\u201d. El a \u00eencheiat recit\u00e2nd o rug\u0103ciune \u00een limba francez\u0103, cer\u00e2ndu-i lui Dumnezeu, prin exemplul Sf\u00e2ntului Charbel, s\u0103 acorde poporului libanez credin\u021b\u0103, lini\u0219te interioar\u0103, vindecarea trupului \u0219i a sufletului \u0219i putere re\u00eennoit\u0103 \u00een \u00eencerc\u0103ri. N\u0103scut Yousef Antoun Makhlouf \u00een 1828 \u00een satul \u00eendep\u0103rtat Bkaakafra, Sf\u00e2ntul Charbel este unul dintre cei mai iubi\u021bi sfin\u021bi ai Bisericii Maronite. Cunoscut \u00eenc\u0103 din copil\u0103rie pentru devotamentul \u0219i simplitatea sa, el a intrat \u00een Ordinul Maronit libanez \u00een 1851, a fost hirotonit preot \u00een 1859, iar mai t\u00e2rziu a \u00eembr\u0103\u021bi\u0219at o via\u021b\u0103 de strict\u0103 singur\u0103tate la Ermitajul Sfin\u021bilor Petru \u0219i Pavel de l\u00e2ng\u0103 Annaya. Timp de 23 de ani a tr\u0103it \u00een t\u0103cere, post \u0219i rug\u0103ciune continu\u0103. Dup\u0103 moartea sa \u00een ajunul Cr\u0103ciunului din 1898, rapoartele privind semnele extraordinare din jurul morm\u00e2ntului s\u0103u, inclusiv starea incorupt\u0103 a trupului s\u0103u, au atras aten\u021bia \u00eentregii lumi. A fost beatificat \u00een 1965 \u0219i canonizat \u00een 1977 de c\u0103tre Papa Paul al VI-lea. Ast\u0103zi este venerat \u00een \u00eentreaga lume ca un model de umilin\u021b\u0103 \u0219i un puternic mijlocitor pentru bolnavi. Morm\u00e2ntul Sf\u00e2ntului Charbel se afl\u0103 \u00een incinta M\u0103n\u0103stirii Sf\u00e2ntul Maron, coco\u021bat\u0103 la 1.200 de metri deasupra nivelului m\u0103rii. Fondat de Ordinul Maronit libanez, situl a crescut semnificativ dup\u0103 beatificarea lui Charbel pentru a g\u0103zdui num\u0103rul tot mai mare de pelerini. O biseric\u0103 mai mare dedicat\u0103 sf\u00e2ntului a fost inaugurat\u0103 \u00een 1974. C\u0103lug\u0103rii continu\u0103 s\u0103 primeasc\u0103 vizitatori \u0219i s\u0103 \u00eentre\u021bin\u0103 terenul, sus\u021bin\u00e2ndu-se din munca agricol\u0103, un echilibru \u00eentre munc\u0103 \u0219i rug\u0103ciune inspirat de sf\u00e2ntul pe care \u00eel p\u0103zesc. Vizita Papei Leon la Annaya, prima a unui pontif, a \u00eent\u0103rit mesajul central al pelerinajului s\u0103u \u00een Liban: o chemare la convertire, speran\u021b\u0103 \u0219i unitate \u00eenr\u0103d\u0103cinat\u0103 \u00een patrimoniul spiritual al unei \u021b\u0103ri care t\u00e2nje\u0219te dup\u0103 pace - \u0219i \u00een mijlocirea unuia dintre cei mai iubi\u021bi sfin\u021bi ai s\u0103i. Urm\u0103ri\u021bi toat\u0103 acoperirea EWTN News a primei c\u0103l\u0103torii apostolice a Papei Leon aici. Acest articol a fost publicat ini\u021bial de CNA. Primi\u021bi cele mai importante \u0219tiri de la EWTN Vatican prin WhatsApp. A devenit din ce \u00een ce mai dificil s\u0103 vede\u021bi \u0219tiri catolice pe social media. Abona\u021bi-v\u0103 ast\u0103zi la canalul nostru gratuit EWTN Vatican pe WhatsApp Elias Turk Dori\u021bi s\u0103 primi\u021bi cele mai recente actualiz\u0103ri despre Pap\u0103 \u0219i Vatican Primi\u021bi articole \u0219i actualiz\u0103ri din Newsletterul EWTN. Mai multe \u0219tiri legate de acest articol Men\u021binerea prezen\u021bei cre\u0219tine \u00een \u021aara Sf\u00e2nt\u0103 Papa Leon al XIV-lea spune la \u00cent\u00e2lnirea Mondial\u0103 a Fraternit\u0103\u021bii Umane s\u0103 primim migran\u021bii, s\u0103 avem grij\u0103 de s\u0103raci Aplica\u021bia EWTN Travel Jubilee - Your Mobile Guide to Rome &amp; Beyond Vatican Push for Peace in Ukraine: Ini\u021biativele diplomatice \u0219i umanitare ale Bisericii C\u0103l\u0103toria Papei Francisc \u00een Corsica Transparen\u021ba Vaticanului: APSA public\u0103 raportul anual de profit pentru 2022<\/p>\n<p><em>Surs\u0103: <a href=\"https:\/\/ewtnvatican.com\/articles\/pope-leo-prays-at-saint-charbels-tomb\" target=\"_blank\" rel=\"noopener noreferrer\">https:\/\/ewtnvatican.com\/articles\/pope-leo-prays-at-saint-charbels-tomb<\/a><\/em><\/p>","protected":false},"excerpt":{"rendered":"<p>Papa Leon \u00eencredin\u021beaz\u0103 Libanul mijlocirii Sf\u00e2ntului Charbel, se roag\u0103 la morm\u00e2ntul acestuia Papa Leon al XIV-lea \u0219i-a \u00eenceput luni a doua zi \u00een Liban cu un pelerinaj profund simbolic la morm\u00e2ntul Sf\u00e2ntului Charbel Makhlouf, \u00eencredin\u021b\u00e2nd \u021bara \u0219i Orientul Mijlociu \u00een general mijlocirii sf\u00e2ntului pe care mul\u021bi libanezi, cre\u0219tini \u0219i musulmani [...]<\/p>","protected":false},"author":26,"featured_media":3955,"comment_status":"open","ping_status":"open","sticky":false,"template":"","format":"standard","meta":{"footnotes":""},"categories":[12],"tags":[],"class_list":["post-3956","post","type-post","status-publish","format-standard","has-post-thumbnail","hentry","category-vatican"],"_links":{"self":[{"href":"https:\/\/ewtnromania.com\/ro\/wp-json\/wp\/v2\/posts\/3956","targetHints":{"allow":["GET"]}}],"collection":[{"href":"https:\/\/ewtnromania.com\/ro\/wp-json\/wp\/v2\/posts"}],"about":[{"href":"https:\/\/ewtnromania.com\/ro\/wp-json\/wp\/v2\/types\/post"}],"author":[{"embeddable":true,"href":"https:\/\/ewtnromania.com\/ro\/wp-json\/wp\/v2\/users\/26"}],"replies":[{"embeddable":true,"href":"https:\/\/ewtnromania.com\/ro\/wp-json\/wp\/v2\/comments?post=3956"}],"version-history":[{"count":0,"href":"https:\/\/ewtnromania.com\/ro\/wp-json\/wp\/v2\/posts\/3956\/revisions"}],"wp:featuredmedia":[{"embeddable":true,"href":"https:\/\/ewtnromania.com\/ro\/wp-json\/wp\/v2\/media\/3955"}],"wp:attachment":[{"href":"https:\/\/ewtnromania.com\/ro\/wp-json\/wp\/v2\/media?parent=3956"}],"wp:term":[{"taxonomy":"category","embeddable":true,"href":"https:\/\/ewtnromania.com\/ro\/wp-json\/wp\/v2\/categories?post=3956"},{"taxonomy":"post_tag","embeddable":true,"href":"https:\/\/ewtnromania.com\/ro\/wp-json\/wp\/v2\/tags?post=3956"}],"curies":[{"name":"wp","href":"https:\/\/api.w.org\/{rel}","templated":true}]}}