{"id":3960,"date":"2025-12-01T10:12:29","date_gmt":"2025-12-01T10:12:29","guid":{"rendered":"https:\/\/ewtnromania.com\/ro\/2025\/12\/01\/advent-what-it-is-and-how-catholics-celebrate-it-2\/"},"modified":"2025-12-01T10:12:29","modified_gmt":"2025-12-01T10:12:29","slug":"advent-what-it-is-and-how-catholics-celebrate-it-2","status":"publish","type":"post","link":"https:\/\/ewtnromania.com\/ro\/2025\/12\/01\/advent-what-it-is-and-how-catholics-celebrate-it-2\/","title":{"rendered":"Advent: What It Is and How Catholics Celebrate It"},"content":{"rendered":"<p>Adventul: Ce este \u0219i cum ar trebui s\u0103rb\u0103torit? Adventul \u00eencepe \u00een acest an duminic\u0103, 30 noiembrie. Majoritatea catolicilor - chiar \u0219i cei care nu merg des la Liturghie - \u0219tiu c\u0103 Adventul implic\u0103 o coroan\u0103 cu lum\u00e2n\u0103ri, eventual un \u201ccalendar\u201d cu ciocolat\u0103 ascuns\u0103 \u0219i desc\u00e2lcirea \u0219irurilor de lumini de Cr\u0103ciun. Dar Adventul este mult mai mult dec\u00e2t at\u00e2t. Iat\u0103 o explica\u021bie a ceea ce \u00eenseamn\u0103 cu adev\u0103rat Adventul. Poporul din Israel a a\u0219teptat genera\u021bii \u00eentregi sosirea lui Mesia cel promis. Poezia lor, c\u00e2ntecele \u0219i pove\u0219tile lor, precum \u0219i cultul lor religios se concentrau pe un salvator a\u0219teptat, care urma s\u0103 vin\u0103 la ei pentru a-i elibera din captivitate \u0219i pentru a-i conduce la \u00eemplinirea a tot ceea ce Dumnezeu le promisese. Israelul t\u00e2njea dup\u0103 un Mesia, iar Ioan Botez\u0103torul, care a venit \u00eenaintea lui Isus, a promis c\u0103 Mesia va veni \u0219i c\u0103 poate fi g\u0103sit \u00een Isus Hristos, Fiul lui Dumnezeu, \u201cMielul lui Dumnezeu care ridic\u0103 p\u0103catele lumii\u201d. Adventul este un anotimp din via\u021ba Bisericii menit s\u0103 re\u00eennoiasc\u0103 experien\u021ba a\u0219tept\u0103rii \u0219i t\u00e2njirii dup\u0103 Mesia. De\u0219i Hristos a venit deja \u00een lume, Biserica ne invit\u0103 s\u0103 ne re\u00eennoim dorin\u021ba pentru Domnul mai profund \u00een via\u021ba noastr\u0103 \u0219i s\u0103 ne re\u00eennoim dorin\u021ba pentru a doua venire triumf\u0103toare a lui Hristos \u00een lume. Adventul este perioada \u00een care ne preg\u0103tim pentru Cr\u0103ciun, comemorarea na\u0219terii lui Iisus Hristos \u00een lume. Preg\u0103tirile sunt practice, cum ar fi \u00eempodobirea bradului \u0219i oferirea cadourilor, dar se doresc a fi \u0219i spirituale. \u00cen timpul Adventului, suntem invita\u021bi s\u0103 intr\u0103m mai frecvent \u00een t\u0103cere, \u00een rug\u0103ciune \u0219i reflec\u021bie, \u00een Scriptur\u0103 \u0219i \u00een via\u021ba sacramental\u0103 a Bisericii - toate pentru a ne preg\u0103ti pentru s\u0103rb\u0103torirea Cr\u0103ciunului. Catehismul Bisericii Catolice spune c\u0103 scopul Adventului este de a face prezent\u0103 pentru noi \u0219i familiile noastre \u201cstr\u0103vechea a\u0219teptare a lui Mesia ... prin participarea la lunga preg\u0103tire pentru prima venire a M\u00e2ntuitorului\u201d. Ce \u00eenseamn\u0103 cuv\u00e2ntul \u2018Advent\u2019? Advent provine din latinescul \u201cad + venire\u201d, care \u00eenseamn\u0103, \u00een esen\u021b\u0103, \u201ca veni la\u201d sau \u201ca veni spre\u201d. \u201cAd + venire\u201d este r\u0103d\u0103cina latinei \u201cadventus\u201d, care \u00eenseamn\u0103 \u201csosire\u201d. A\u0219adar, Adventul este sezonul sosirii: sosirea lui Hristos \u00een inimile noastre, \u00een lume \u0219i \u00een planul extraordinar al lui Dumnezeu pentru m\u00e2ntuirea noastr\u0103. Deci, dureaz\u0103 patru s\u0103pt\u0103m\u00e2ni? Adventul are o durat\u0103 u\u0219or diferit\u0103 \u00een fiecare an. Acesta \u00eencepe cu patru duminici \u00eenainte de Cr\u0103ciun. Dar pentru c\u0103 Cr\u0103ciunul este la o dat\u0103 fix\u0103 \u0219i poate c\u0103dea \u00een zile diferite ale s\u0103pt\u0103m\u00e2nii, Adventul poate fi mai scurt de trei s\u0103pt\u0103m\u00e2ni \u0219i o zi sau mai lung de patru s\u0103pt\u0103m\u00e2ni. Adventul marcheaz\u0103 un \u2018an nou\u2019? S\u0103rb\u0103torile \u0219i celebr\u0103rile Bisericii se desf\u0103\u0219oar\u0103 pe un ciclu de un an, pe care \u00eel numim \u201can liturgic\u201d. \u201cAnul liturgic\u201d \u00eencepe \u00een prima duminic\u0103 din Advent. A\u0219adar, este un nou an liturgic atunci c\u00e2nd \u00eencepe Adventul. Dar Biserica folose\u0219te \u0219i calendarul obi\u0219nuit, a\u0219a c\u0103 ar fi probabil un pic ciudat s\u0103 organiz\u0103m o petrecere de \u201cAnul Nou\u201d \u00een noaptea dinaintea \u00eenceperii Adventului. Care este semnifica\u021bia coroanei de Advent? Biserica Catolic\u0103 folose\u0219te coroane de Advent \u00eenc\u0103 din Evul Mediu. Aprinderea lum\u00e2n\u0103rilor \u00een timp ce ne preg\u0103tim pentru Cr\u0103ciun ne aminte\u0219te c\u0103 Hristos este lumina lumii. Iar ramurile ve\u0219nic verzi ne amintesc de via\u021ba nou\u0103 \u0219i ve\u0219nic\u0103 \u00een Hristos, fiul etern al Tat\u0103lui. Este cu siguran\u021b\u0103 adev\u0103rat c\u0103 oamenii germanici aprindeau coroni\u021be de lum\u00e2n\u0103ri iarna cu mult \u00eenainte ca Evanghelia s\u0103 ajung\u0103 \u00een patria lor. F\u0103ceau acest lucru deoarece coroni\u021bele de lum\u00e2n\u0103ri iarna sunt frumoase \u0219i calde. Faptul c\u0103 un simbol cre\u0219tin a ap\u0103rut din aceast\u0103 tradi\u021bie este un indiciu c\u0103 Evanghelia poate fi exprimat\u0103 prin limba, obiceiurile \u0219i simbolurile culturilor care ajung s\u0103 cread\u0103 c\u0103 Iisus Hristos este Domnul. O lum\u00e2nare este roz pe coroan\u0103 - de ce? Exist\u0103 patru lum\u00e2n\u0103ri pe coroana de Advent. Trei sunt mov \u0219i se aprind \u00een prima, a doua \u0219i a patra duminic\u0103 din Advent. Lum\u00e2narea roz este aprins\u0103 \u00een a treia duminic\u0103 din Advent, pe care o numim duminica Gaudete. \u00cen acea duminic\u0103, pe l\u00e2ng\u0103 lum\u00e2narea roz, preotul poart\u0103 un ve\u0219m\u00e2nt roz, pe care l-ar putea numi \u201croz\u201d. Gaudete este un cuv\u00e2nt care \u00eenseamn\u0103 \u201cbucur\u0103-te\u201d, iar noi ne bucur\u0103m \u00een Duminica Gaudete pentru c\u0103 suntem la jum\u0103tatea Adventului. Unii oameni au obiceiul de a organiza petreceri Gaudete, iar aceasta este, de asemenea, o zi \u00een care colind\u0103torii de Cr\u0103ciun pot \u00eencepe s\u0103 colinde din u\u0219\u0103 \u00een u\u0219\u0103. Se spune uneori c\u0103 cele trei lum\u00e2n\u0103ri mov reprezint\u0103 rug\u0103ciunea, postul \u0219i milostenia - cele trei discipline spirituale care sunt esen\u021biale pentru un Advent fructuos. Este gre\u0219it s\u0103 c\u00e2nt\u0103m c\u00e2ntece de Cr\u0103ciun \u00een timpul Adventului? Nu, dar exist\u0103 o mul\u021bime de imnuri \u0219i c\u00e2ntece minunate de Advent, cum ar fi \u201cO Come O Come Emmanuel\u201d, \u201cCome Thou Long Expected Jesus\u201d, \u201cO Come Divine Messiah\u201d, \u201cCome Thou Fount\u201d \u0219i \u201cHark! A Thrilling Voice Is Sounding\u201d. C\u00e2nd ar trebui s\u0103 fie \u00een\u0103l\u021bat bradul? C\u00e2nd s\u0103 pun\u0103 bradul este o decizie pe care familiile o iau singure. Unii oameni \u00ee\u0219i instaleaz\u0103 bradul \u0219i \u00eel decoreaz\u0103 \u00een prima duminic\u0103 a Adventului pentru a face o mare transformare \u00een casa lor \u0219i pentru a intra \u00een modul de \u201cpreg\u0103tire pentru Cr\u0103ciun\u201d. Unii \u00ee\u0219i instaleaz\u0103 bradul \u00een prima duminic\u0103 din Advent, pun lumini \u00een duminica urm\u0103toare, ornamente \u00een urm\u0103toarea \u0219i \u00eel decoreaz\u0103 din ce \u00een ce mai mult pe m\u0103sur\u0103 ce se apropie de Cr\u0103ciun. Unii pun bradul \u00een Duminica Gaudete, ca un fel de bucurie, \u0219i \u00eel decoreaz\u0103 \u00een s\u0103pt\u0103m\u00e2nile dintre Gaudete \u0219i Cr\u0103ciun. Momentul \u00een care bradul este \u00een\u0103l\u021bat \u0219i \u00eempodobit depinde de individ \u0219i de familie, dar a avea un brad de Cr\u0103ciun este o parte important\u0103 a tradi\u021biilor de Advent ale multor oameni. Aceast\u0103 poveste a fost publicat\u0103 pentru prima dat\u0103 \u00een noiembrie 2019 \u0219i a fost actualizat\u0103 de CNA. Primi\u021bi cele mai importante \u0219tiri de la EWTN Vatican prin WhatsApp. A devenit din ce \u00een ce mai dificil s\u0103 vezi \u0219tiri catolice pe social media. Abona\u021bi-v\u0103 ast\u0103zi la canalul nostru gratuit EWTN Vatican pe WhatsApp CNA Staff Dori\u021bi s\u0103 primi\u021bi cele mai recente actualiz\u0103ri despre Pap\u0103 \u0219i Vatican Primi\u021bi articole \u0219i actualiz\u0103ri din Newsletterul EWTN. Mai multe \u0219tiri legate de acest articol Cardinalul Grech: Benedict al XVI-lea a fost ne\u00een\u021beles de-a lungul vie\u021bii sale Papa Francisc: Frumuse\u021bea ne \u00eendeamn\u0103 s\u0103 \u00eel scoatem pe Hristos pe str\u0103zi \u0219i s\u0103 \u00eel aducem oamenilor 5 resurse catolice pentru a v\u0103 ajuta s\u0103 v\u0103 apropia\u021bi mai mult de Hristos \u00een acest Advent Papa Leon al XIV-lea felicit\u0103 EWTN Germania pentru 25 de ani Fericitul Eduard Profittlich: Unirea Estoniei \u00een credin\u021b\u0103 \u0219i speran\u021b\u0103 LIVE | Sf\u00e2nta Liturghie a Papei Francisc pentru Benedict al XVI-lea \u0219i cardinalii \u0219i episcopii deceda\u021bi<\/p>\n<p><em>Surs\u0103: <a href=\"https:\/\/ewtnvatican.com\/articles\/what-is-advent-how-to-celebrate\" target=\"_blank\" rel=\"noopener noreferrer\">https:\/\/ewtnvatican.com\/articles\/what-is-advent-how-to-celebrate<\/a><\/em><\/p>","protected":false},"excerpt":{"rendered":"<p>Adventul: Ce este \u0219i cum ar trebui s\u0103rb\u0103torit? Adventul \u00eencepe \u00een acest an duminic\u0103, 30 noiembrie. Majoritatea catolicilor - chiar \u0219i cei care nu merg des la Liturghie - \u0219tiu c\u0103 Adventul implic\u0103 o coroan\u0103 cu lum\u00e2n\u0103ri, eventual un \u201ccalendar\u201d de ciocolat\u0103 ascuns\u0103 \u0219i desc\u00e2lcirea \u0219irurilor de lumini\u021be de Cr\u0103ciun. Dar Adventul este mult mai [...]<\/p>","protected":false},"author":26,"featured_media":3959,"comment_status":"open","ping_status":"open","sticky":false,"template":"","format":"standard","meta":{"footnotes":""},"categories":[12],"tags":[],"class_list":["post-3960","post","type-post","status-publish","format-standard","has-post-thumbnail","hentry","category-vatican"],"_links":{"self":[{"href":"https:\/\/ewtnromania.com\/ro\/wp-json\/wp\/v2\/posts\/3960","targetHints":{"allow":["GET"]}}],"collection":[{"href":"https:\/\/ewtnromania.com\/ro\/wp-json\/wp\/v2\/posts"}],"about":[{"href":"https:\/\/ewtnromania.com\/ro\/wp-json\/wp\/v2\/types\/post"}],"author":[{"embeddable":true,"href":"https:\/\/ewtnromania.com\/ro\/wp-json\/wp\/v2\/users\/26"}],"replies":[{"embeddable":true,"href":"https:\/\/ewtnromania.com\/ro\/wp-json\/wp\/v2\/comments?post=3960"}],"version-history":[{"count":0,"href":"https:\/\/ewtnromania.com\/ro\/wp-json\/wp\/v2\/posts\/3960\/revisions"}],"wp:featuredmedia":[{"embeddable":true,"href":"https:\/\/ewtnromania.com\/ro\/wp-json\/wp\/v2\/media\/3959"}],"wp:attachment":[{"href":"https:\/\/ewtnromania.com\/ro\/wp-json\/wp\/v2\/media?parent=3960"}],"wp:term":[{"taxonomy":"category","embeddable":true,"href":"https:\/\/ewtnromania.com\/ro\/wp-json\/wp\/v2\/categories?post=3960"},{"taxonomy":"post_tag","embeddable":true,"href":"https:\/\/ewtnromania.com\/ro\/wp-json\/wp\/v2\/tags?post=3960"}],"curies":[{"name":"wp","href":"https:\/\/api.w.org\/{rel}","templated":true}]}}