{"id":3974,"date":"2025-12-01T10:08:21","date_gmt":"2025-12-01T10:08:21","guid":{"rendered":"https:\/\/ewtnromania.com\/ro\/2025\/12\/01\/pope-leo-erdogan-talks-focused-on-gaza-ukraine-2\/"},"modified":"2025-12-01T10:08:21","modified_gmt":"2025-12-01T10:08:21","slug":"pope-leo-erdogan-talks-focused-on-gaza-ukraine-2","status":"publish","type":"post","link":"https:\/\/ewtnromania.com\/ro\/2025\/12\/01\/pope-leo-erdogan-talks-focused-on-gaza-ukraine-2\/","title":{"rendered":"Pope Leo: Erdogan Talks Focused on Gaza, Ukraine"},"content":{"rendered":"<p>Papa Leon spune c\u0103 discu\u021biile cu Erdogan s-au axat pe Gaza \u0219i Ucraina, vede rolul Turciei \u00een eforturile de pace Papa Leon al XIV-lea a declarat duminic\u0103 c\u0103 a discutat at\u00e2t despre r\u0103zboiul din Gaza, c\u00e2t \u0219i despre conflictul din Ucraina direct cu pre\u0219edintele turc Recep Tayyip Erdogan, spun\u00e2nd c\u0103 cei doi lideri au g\u0103sit un teren comun \u00een punctele cheie \u0219i c\u0103 Ankara ar putea juca un rol semnificativ \u00een noile eforturi de pace. Leo a declarat jurnali\u0219tilor \u00een zborul s\u0103u din Turcia spre Liban c\u0103 Erdogan este de acord cu sprijinul de lung\u0103 durat\u0103 al Sf\u00e2ntului Scaun pentru o solu\u021bie cu dou\u0103 state la conflictul israeliano-palestinian \u0219i ar putea ajuta la avansarea propunerilor emergente care vizeaz\u0103 \u00eencheierea r\u0103zboiului din Ucraina. \u201cAm vorbit despre ambele situa\u021bii\u201d, a spus Papa. \u201cSf\u00e2ntul Scaun a sus\u021binut public, timp de mai mul\u021bi ani, propunerea unei solu\u021bii cu dou\u0103 state. Israelul, \u00een acest moment, nu o accept\u0103, dar noi o vedem ca fiind singura solu\u021bie care ar putea pune cap\u0103t acestui conflict. Suntem, de asemenea, prieteni ai Israelului \u0219i \u00eencerc\u0103m s\u0103 fim o voce mediatoare \u00eentre ambele p\u0103r\u021bi.\u201d Papa Leon a declarat c\u0103 Erdogan \u201ceste de acord cu aceast\u0103 propunere\u201d \u0219i a subliniat c\u0103 Turcia \u201care un rol important pe care l-ar putea juca\u201d, at\u00e2t \u00een Gaza, c\u00e2t \u0219i \u00een eforturile de atenuare a r\u0103zboiului din Ucraina. El a men\u021bionat c\u0103 Turcia a ajutat anterior la intermedierea coridorului de cereale din Marea Neagr\u0103, care a permis Ucrainei s\u0103 exporte alimente \u00een siguran\u021b\u0103 prin zona de r\u0103zboi \u00eenainte ca acordul s\u0103 se pr\u0103bu\u0219easc\u0103 \u00een 2023. Acum, a spus el, \u201cexist\u0103 propuneri concrete pentru pace\u201d, iar contactele lui Erdogan cu Kiev, Moscova \u0219i Washington ar putea contribui la avansarea \u201cdialogului, a unei \u00eencet\u0103ri a focului \u0219i a unei modalit\u0103\u021bi de a rezolva acest conflict\u201d. Comentariile Papei au venit la mijlocul c\u0103l\u0103toriei sale apostolice \u00een Turcia \u0219i Liban, o c\u0103l\u0103torie pe care a \u00eencadrat-o ca un apel la pace \u00eentr-o regiune marcat\u0103 de conflicte, str\u0103mut\u0103ri \u0219i fracturi politice profunde. F\u0103c\u00e2nd o retrospectiv\u0103 a zilelor petrecute \u00een Turcia, Papa Leon a spus c\u0103 \u00eent\u00e2lnirile \u0219i liturghiile sale au fost marcate de un spirit de \u201csimplitate \u0219i profunzime\u201d, men\u021bion\u00e2nd \u00een special comemorarea de vineri din Iznik pentru cea de-a 1700-a aniversare a Consiliului de la Niceea. El a celebrat, de asemenea, Divina Liturghie de duminic\u0103 diminea\u021ba cu Patriarhul Ecumenic Bartolomeu I, considerat primul \u00eentre egali \u00eentre episcopii ortodoc\u0219i orientali, numind-o \u201co s\u0103rb\u0103toare minunat\u0103\u201d. El a eviden\u021biat minorit\u0103\u021bile cre\u0219tine din Turcia ca un memento al faptului c\u0103 coexisten\u021ba pa\u0219nic\u0103 este posibil\u0103 chiar \u0219i \u00een mijlocul diferen\u021belor. \u00cen acela\u0219i timp, el a recunoscut c\u0103 Turcia \u201ca trecut prin momente dificile \u00een aceast\u0103 privin\u021b\u0103 de-a lungul istoriei sale\u201d. De asemenea, Sf\u00e2ntul P\u0103rinte a dezv\u0103luit discu\u021biile ecumenice \u00een curs despre anul 2033, care marcheaz\u0103 2 000 de ani de la R\u0103scump\u0103rare. Liderii Bisericii, a spus el, iau \u00een considerare o \u00eent\u00e2lnire cre\u0219tin\u0103 comun\u0103 pentru aceast\u0103 aniversare, posibil la Ierusalim. La scurt timp dup\u0103 ce a vorbit cu reporterii, Papa Leon a aterizat la Beirut pentru a \u00eencepe etapa libanez\u0103 a c\u0103l\u0103toriei sale, unde este de a\u0219teptat s\u0103 abordeze paralizia politic\u0103 a \u021b\u0103rii \u0219i s\u0103 \u00eencurajeze o popula\u021bie care \u00eenc\u0103 \u00ee\u0219i revine dup\u0103 r\u0103zboi \u0219i colaps economic. Urm\u0103ri\u021bi toat\u0103 acoperirea EWTN News a Primei C\u0103l\u0103torii Apostolice a Papei Leo aici. Acest articol a fost publicat ini\u021bial de CNA. Primi\u021bi cele mai importante \u0219tiri de la EWTN Vatican prin WhatsApp. A devenit din ce \u00een ce mai dificil s\u0103 vede\u021bi \u0219tiri catolice pe social media. Abona\u021bi-v\u0103 ast\u0103zi la canalul nostru gratuit EWTN Vatican pe WhatsApp Elias Turk Dori\u021bi s\u0103 primi\u021bi cele mai recente actualiz\u0103ri despre Pap\u0103 \u0219i Vatican Primi\u021bi articole \u0219i actualiz\u0103ri din Newsletterul EWTN. Mai multe \u0219tiri legate de acest articol Re\u00eenvierea credin\u021bei \u00een nordul Europei Premierul belgian \u00eel critic\u0103 pe Papa Francisc pentru declara\u021biile privind avortul Papa Leon al XIV-lea pl\u0103nuie\u0219te s\u0103 organizeze o \u00eent\u00e2lnire major\u0103 a cardinalilor \u00een ianuarie Papa Francisc expulzeaz\u0103 \u00eenc\u0103 doi membri ai Sodaliei Vie\u021bii Cre\u0219tine Papa Francisc anun\u021b\u0103 o veghe de rug\u0103ciune, o zi de post pentru pace \u00een r\u0103zboiul Israel-Hamas FOTO: Papa Francisc celebreaz\u0103 liturghia din Vinerea Mare la Vatican<\/p>\n<p><em>Surs\u0103: <a href=\"https:\/\/ewtnvatican.com\/articles\/pope-leo-erdogan-talks-gaza-ukraine-peace-role\" target=\"_blank\" rel=\"noopener noreferrer\">https:\/\/ewtnvatican.com\/articles\/pope-leo-erdogan-talks-gaza-ukraine-peace-role<\/a><\/em><\/p>","protected":false},"excerpt":{"rendered":"<p>Papa Leon spune c\u0103 discu\u021biile cu Erdogan s-au axat pe Gaza \u0219i Ucraina, vede rolul Turciei \u00een eforturile de pace Papa Leon al XIV-lea a declarat duminic\u0103 c\u0103 a discutat at\u00e2t despre r\u0103zboiul din Gaza, c\u00e2t \u0219i despre conflictul din Ucraina direct cu pre\u0219edintele turc Recep Tayyip Erdogan, spun\u00e2nd c\u0103 cei doi lideri au g\u0103sit un teren comun \u00een punctele cheie \u0219i c\u0103 Ankara ar putea [...]<\/p>","protected":false},"author":26,"featured_media":3973,"comment_status":"open","ping_status":"open","sticky":false,"template":"","format":"standard","meta":{"footnotes":""},"categories":[12],"tags":[],"class_list":["post-3974","post","type-post","status-publish","format-standard","has-post-thumbnail","hentry","category-vatican"],"_links":{"self":[{"href":"https:\/\/ewtnromania.com\/ro\/wp-json\/wp\/v2\/posts\/3974","targetHints":{"allow":["GET"]}}],"collection":[{"href":"https:\/\/ewtnromania.com\/ro\/wp-json\/wp\/v2\/posts"}],"about":[{"href":"https:\/\/ewtnromania.com\/ro\/wp-json\/wp\/v2\/types\/post"}],"author":[{"embeddable":true,"href":"https:\/\/ewtnromania.com\/ro\/wp-json\/wp\/v2\/users\/26"}],"replies":[{"embeddable":true,"href":"https:\/\/ewtnromania.com\/ro\/wp-json\/wp\/v2\/comments?post=3974"}],"version-history":[{"count":0,"href":"https:\/\/ewtnromania.com\/ro\/wp-json\/wp\/v2\/posts\/3974\/revisions"}],"wp:featuredmedia":[{"embeddable":true,"href":"https:\/\/ewtnromania.com\/ro\/wp-json\/wp\/v2\/media\/3973"}],"wp:attachment":[{"href":"https:\/\/ewtnromania.com\/ro\/wp-json\/wp\/v2\/media?parent=3974"}],"wp:term":[{"taxonomy":"category","embeddable":true,"href":"https:\/\/ewtnromania.com\/ro\/wp-json\/wp\/v2\/categories?post=3974"},{"taxonomy":"post_tag","embeddable":true,"href":"https:\/\/ewtnromania.com\/ro\/wp-json\/wp\/v2\/tags?post=3974"}],"curies":[{"name":"wp","href":"https:\/\/api.w.org\/{rel}","templated":true}]}}