{"id":3976,"date":"2025-12-01T09:57:11","date_gmt":"2025-12-01T09:57:11","guid":{"rendered":"https:\/\/ewtnromania.com\/ro\/2025\/12\/01\/pope-leo-calls-lebanon-to-tenacity-and-hope-2\/"},"modified":"2025-12-01T09:57:11","modified_gmt":"2025-12-01T09:57:11","slug":"pope-leo-calls-lebanon-to-tenacity-and-hope-2","status":"publish","type":"post","link":"https:\/\/ewtnromania.com\/ro\/2025\/12\/01\/pope-leo-calls-lebanon-to-tenacity-and-hope-2\/","title":{"rendered":"Pope Leo Calls Lebanon to Tenacity and Hope"},"content":{"rendered":"<p>Papa Leon al XIV-lea cheam\u0103 Libanul la tenacitate, speran\u021b\u0103 \u0219i reconciliere Papa Leon al XIV-lea i-a \u00eendemnat pe liderii Libanului s\u0103 \u00eembr\u0103\u021bi\u0219eze tenacitatea, dialogul \u0219i un angajament re\u00eennoit pentru binele comun, \u00een timpul unui discurs rostit duminic\u0103 la Palatul Preziden\u021bial din Baabda, \u00een continuarea c\u0103l\u0103toriei sale apostolice de o s\u0103pt\u0103m\u00e2n\u0103 \u00een Turcia \u0219i Liban. C\u0103l\u0103toria, axat\u0103 pe unitatea cre\u0219tin\u0103, stabilitatea regional\u0103 \u0219i misiunea Bisericii \u00een Orientul Mijlociu, l-a dus pe Sf\u00e2ntul P\u0103rinte de la \u00eent\u00e2lniri istorice \u00een Istanbul la o na\u021biune care \u00eenc\u0103 \u00ee\u0219i revine dup\u0103 criza politic\u0103 \u0219i r\u0103zboiul din 2023-2024. \u201cBinecuv\u00e2nta\u021bi sunt f\u0103c\u0103torii de pace\u201d, a \u00eenceput papa, ad\u0103ug\u00e2nd c\u0103 pacea \u201cnecesit\u0103 tenacitate\u201d \u0219i \u201cperseveren\u021b\u0103 pentru a proteja \u0219i hr\u0103ni via\u021ba\u201d. Remarcile sale au fost f\u0103cute \u00een timp ce Libanul caut\u0103 stabilitate dup\u0103 ani de paralizie politic\u0103, colaps economic \u0219i trauma persistent\u0103 a conflictului regional. Palatul preziden\u021bial, cu vedere la Beirut \u0219i construit \u00een 1956, a g\u0103zduit primul discurs papal de c\u00e2nd Parlamentul l-a ales pe Joseph Aoun la 9 ianuarie ca al 14-lea pre\u0219edinte al Libanului, dup\u0103 mai mult de doi ani f\u0103r\u0103 \u0219ef de stat. Cre\u0219tin maronit \u0219i ofi\u021ber de carier\u0103 al armatei, n\u0103scut \u00een Beirut \u00een 1964, Aoun l-a primit pe Papa Leon \u00een cadrul unei ceremonii care a inclus un dans tradi\u021bional dabke \u0219i plantarea unui \u201ccedru al prieteniei\u201d \u00een gr\u0103dinile palatului, al\u0103turi de liderii Vaticanului \u0219i ai Bisericii Maronite. Papa Leon a recunoscut dificultatea de a guverna \u201c\u00een circumstan\u021be extrem de complexe, conflictuale \u0219i incerte\u201d, dar a l\u0103udat rezisten\u021ba poporului libanez. \u201cSunte\u021bi un popor care nu se d\u0103 b\u0103tut\u201d, a spus el, remarc\u00e2nd num\u0103rul mare de persoane care lucreaz\u0103 pentru pace \u00een lini\u0219te \u00een fiecare zi. El a descris Libanul drept \u201co comunitate de comunit\u0103\u021bi, unite printr-un limbaj comun: speran\u021ba\u201d, \u00eentr-un moment \u00een care multe p\u0103r\u021bi ale lumii se confrunt\u0103 cu o cre\u0219tere a pesimismului, instabilit\u0103\u021bii \u0219i deciziilor luate \u201c\u00een detrimentul binelui comun\u201d. \u00cen ciuda poverii crizei \u0219i a ceea ce el a numit \u201co economie care ucide\u201d, el a spus c\u0103 Libanul \u0219i-a demonstrat \u00een mod repetat capacitatea de a \u201c\u00eencepe din nou\u201d. Papa i-a \u00eendemnat pe liderii \u021b\u0103rii s\u0103 r\u0103m\u00e2n\u0103 aproape de poporul lor, s\u0103 sublinieze rolul tinerilor \u0219i al societ\u0103\u021bii civile \u0219i s\u0103 nu reduc\u0103 via\u021ba na\u021bional\u0103 la interese concurente. \u201cBinele comun este mai mult dec\u00e2t suma mai multor interese\u201d, a spus el. Reconcilierea, a subliniat el, este indispensabil\u0103. R\u0103nile - personale \u0219i colective - necesit\u0103 timp \u0219i curaj pentru a fi vindecate, a spus el, avertiz\u00e2nd c\u0103 f\u0103r\u0103 acest proces \u201cam r\u0103m\u00e2ne bloca\u021bi, fiecare prizonier al propriei dureri\u201d. Dialogul, chiar \u0219i \u00een mijlocul ne\u00een\u021belegerilor, este \u201ccalea\u201d. Papa Leon a vorbit despre durerea cauzat\u0103 de emigrare \u0219i despre curajul necesar pentru a r\u0103m\u00e2ne sau a reveni. El a eviden\u021biat contribu\u021biile femeilor, pe care le-a numit \u00eenzestrate \u00een mod unic \u00een \u201cmunca de pacificare\u201d. \u00cen \u00eencheierea discursului s\u0103u, papa a reamintit Libanului c\u0103 pacea nu este doar o realizare uman\u0103, ci \u0219i un dar care modeleaz\u0103 inima \u0219i \u00eei \u00eenva\u021b\u0103 pe oameni s\u0103 \u201carmonizeze pa\u0219ii no\u0219tri cu cei ai celorlal\u021bi\u201d. Pacea, a spus el, \u201ceste o dorin\u021b\u0103 \u0219i o voca\u021bie; este un dar \u0219i o lucrare \u00een progres\u201d. Dup\u0103 ceremonia de la Baabda, Papa Leon urma s\u0103 c\u0103l\u0103toreasc\u0103 la Harissa, unde va r\u0103m\u00e2ne la Nun\u021biatura Apostolic\u0103. Luni diminea\u021b\u0103, el \u00ee\u0219i va \u00eencepe ziua cu o vizit\u0103 de rug\u0103ciune la morm\u00e2ntul Sf\u00e2ntului Charbel Makhlouf de la M\u0103n\u0103stirea Sf\u00e2ntului Maroun din Annaya. Urm\u0103ri\u021bi toat\u0103 acoperirea EWTN News a Primei c\u0103l\u0103torii apostolice a Papei Leon aici. Acest articol a fost publicat ini\u021bial de CNA. Primi\u021bi cele mai importante \u0219tiri de la EWTN Vatican prin WhatsApp. A devenit din ce \u00een ce mai dificil s\u0103 vede\u021bi \u0219tiri catolice pe social media. Abona\u021bi-v\u0103 ast\u0103zi la canalul nostru gratuit EWTN Vatican pe WhatsApp Elias Turk Dori\u021bi s\u0103 primi\u021bi cele mai recente actualiz\u0103ri despre Pap\u0103 \u0219i Vatican Primi\u021bi articole \u0219i actualiz\u0103ri din Newsletterul EWTN. Mai multe \u0219tiri legate de acest articol Postul Roman Tur pietonal \u00een interiorul Universit\u0103\u021bii Papei Papa Francisc: Nu abandona\u021bi bunicii \u0219i b\u0103tr\u00e2nii; r\u0103m\u00e2ne\u021bi aproape de ei Sinodul despre Sinodalitate: Cine supervizeaz\u0103 proiectul de raport la finalul adun\u0103rii? Boko Haram: Persecu\u021bia cre\u0219tinilor din Nigeria Via\u021ba Papei Francisc \u00eenainte de pontificat<\/p>\n<p><em>Surs\u0103: <a href=\"https:\/\/ewtnvatican.com\/articles\/pope-leo-lebanon-tenacity-hope-reconciliation\" target=\"_blank\" rel=\"noopener noreferrer\">https:\/\/ewtnvatican.com\/articles\/pope-leo-lebanon-tenacity-hope-reconciliation<\/a><\/em><\/p>","protected":false},"excerpt":{"rendered":"<p>Papa Leon al XIV-lea \u00eendeamn\u0103 Libanul la tenacitate, speran\u021b\u0103 \u0219i reconciliere Papa Leon al XIV-lea i-a \u00eendemnat pe liderii Libanului s\u0103 \u00eembr\u0103\u021bi\u0219eze tenacitatea, dialogul \u0219i un angajament re\u00eennoit pentru binele comun \u00een timpul unui discurs rostit duminic\u0103 la Palatul Preziden\u021bial din Baabda, \u00een continuarea c\u0103l\u0103toriei sale apostolice de o s\u0103pt\u0103m\u00e2n\u0103 \u00een Turcia \u0219i Liban. C\u0103l\u0103toria, axat\u0103 pe unitatea cre\u0219tin\u0103, [...]<\/p>","protected":false},"author":26,"featured_media":3975,"comment_status":"open","ping_status":"open","sticky":false,"template":"","format":"standard","meta":{"footnotes":""},"categories":[12],"tags":[],"class_list":["post-3976","post","type-post","status-publish","format-standard","has-post-thumbnail","hentry","category-vatican"],"_links":{"self":[{"href":"https:\/\/ewtnromania.com\/ro\/wp-json\/wp\/v2\/posts\/3976","targetHints":{"allow":["GET"]}}],"collection":[{"href":"https:\/\/ewtnromania.com\/ro\/wp-json\/wp\/v2\/posts"}],"about":[{"href":"https:\/\/ewtnromania.com\/ro\/wp-json\/wp\/v2\/types\/post"}],"author":[{"embeddable":true,"href":"https:\/\/ewtnromania.com\/ro\/wp-json\/wp\/v2\/users\/26"}],"replies":[{"embeddable":true,"href":"https:\/\/ewtnromania.com\/ro\/wp-json\/wp\/v2\/comments?post=3976"}],"version-history":[{"count":0,"href":"https:\/\/ewtnromania.com\/ro\/wp-json\/wp\/v2\/posts\/3976\/revisions"}],"wp:featuredmedia":[{"embeddable":true,"href":"https:\/\/ewtnromania.com\/ro\/wp-json\/wp\/v2\/media\/3975"}],"wp:attachment":[{"href":"https:\/\/ewtnromania.com\/ro\/wp-json\/wp\/v2\/media?parent=3976"}],"wp:term":[{"taxonomy":"category","embeddable":true,"href":"https:\/\/ewtnromania.com\/ro\/wp-json\/wp\/v2\/categories?post=3976"},{"taxonomy":"post_tag","embeddable":true,"href":"https:\/\/ewtnromania.com\/ro\/wp-json\/wp\/v2\/tags?post=3976"}],"curies":[{"name":"wp","href":"https:\/\/api.w.org\/{rel}","templated":true}]}}