{"id":3978,"date":"2025-11-30T13:54:02","date_gmt":"2025-11-30T13:54:02","guid":{"rendered":"https:\/\/ewtnromania.com\/ro\/2025\/11\/30\/pope-leo-arrives-in-lebanon-with-message-of-peace-2\/"},"modified":"2025-11-30T13:54:02","modified_gmt":"2025-11-30T13:54:02","slug":"pope-leo-arrives-in-lebanon-with-message-of-peace-2","status":"publish","type":"post","link":"https:\/\/ewtnromania.com\/ro\/2025\/11\/30\/pope-leo-arrives-in-lebanon-with-message-of-peace-2\/","title":{"rendered":"Pope Leo Arrives in Lebanon With Message of Peace"},"content":{"rendered":"<p>Papa Leon al XIV-lea sose\u0219te \u00een Liban, aduc\u00e2nd un mesaj de pace unei na\u021biuni marcate de r\u0103zboi Cerul Libanului - c\u00e2ndva dominat de schimburi de rachete \u0219i de raiduri aeriene ne\u00eencetate \u00een timpul conflictului din 2023-2024 dintre Hezbollah \u0219i Israel - s-a deschis duminic\u0103 nu pentru avioanele de r\u0103zboi, ci pentru aeronava care \u00eel transporta pe Papa Leon al XIV-lea. Ateriz\u00e2nd \u00een \u021aara Cedrilor, Sf\u00e2ntul P\u0103rinte \u00ee\u0219i \u00eencepe misiunea de a propov\u0103dui Evanghelia p\u0103cii unei na\u021biuni \u00eendelung r\u0103nite de conflict \u0219i instabilitate. Luptele de-a lungul grani\u021bei de sud a Libanului au re\u00eenceput \u00een octombrie 2023, ca urmare a r\u0103zboiului din Gaza. Hezbollah, o mili\u021bie \u0219iit\u0103 sus\u021binut\u0103 de Iran \u0219i format\u0103 dup\u0103 invazia israelian\u0103 a Libanului din 1982, a devenit principalul actor \u00een noua confruntare cu Israelul. De\u0219i un acord fragil \u00eencheiat la sf\u00e2r\u0219itul lunii noiembrie 2024 a redus ostilit\u0103\u021bile, violen\u021bele intermitente au continuat, iar \u00eencetarea focului r\u0103m\u00e2ne incert\u0103 p\u00e2n\u0103 c\u00e2nd Rezolu\u021bia 1701 a Organiza\u021biei Na\u021biunilor Unite - care solicit\u0103 retragerea Hezbollah la nord de r\u00e2ul Litani - va fi pe deplin pus\u0103 \u00een aplicare. Dup\u0103 aterizarea \u00een Beirut, coloana de ma\u0219ini a papei urma s\u0103 se deplaseze spre palatul preziden\u021bial prin una dintre cele mai sensibile zone politice din \u021bar\u0103. Dahieh, bastionul Hezbollah din sudul Beirutului, a suportat bombardamente intense \u0219i o serie de asasinate \u00een ultimul an. Secretarul general de lung\u0103 durat\u0103 al Hezbollah, Hassan Nasrallah, \u0219i poten\u021bialul s\u0103u succesor, Hashem Safieddin, au fost uci\u0219i \u00een atacuri separate \u00een 2024. \u00cenc\u0103 din 23 noiembrie, un raid aerian israelian \u00een suburbie a ucis un comandant local \u0219i alte cinci persoane \u0219i a r\u0103nit 28. \u00cen ciuda tensiunilor, mai mul\u021bi clerici \u0219ii\u021bi au salutat public vizita Papei Leon, iar municipalit\u0103\u021bile din Dahieh au invitat locuitorii s\u0103 \u00eel \u00eent\u00e2mpine de-a lungul traseului caravanei. R\u0103nile Libanului se extind dincolo de cel mai recent conflict. Ani de paralizie politic\u0103 \u0219i colaps economic au l\u0103sat \u021bara profund sl\u0103bit\u0103. \u00cen 2019 au izbucnit proteste \u00een mas\u0103 \u00eempotriva corup\u021biei \u0219i a sectarismului, \u00een timp ce pandemia COVID-19 \u0219i explozia catastrofal\u0103 din portul Beirut din august 2020 au agravat suferin\u021ba. Din punct de vedere istoric, Libanul, o r\u0103scruce \u00eentre cre\u0219tinism \u0219i islam, r\u0103m\u00e2ne un mozaic de comunit\u0103\u021bi legate \u00eentre ele de o identitate na\u021bional\u0103 comun\u0103, dar fragil\u0103. Cre\u0219tinii - inclusiv maroni\u021bii, greco-ortodoc\u0219ii, catolicii melkite \u0219i armenii - continu\u0103 s\u0103 joace un rol vital \u00een via\u021ba cultural\u0103 \u0219i social\u0103, chiar dac\u0103 emigrarea \u0219i instabilitatea au redus num\u0103rul lor. Sistemul politic confesional al Libanului, instituit \u00een timpul mandatului francez \u0219i formalizat \u00een Pactul na\u021bional nescris din 1943, a \u00eemp\u0103r\u021bit puterea \u00eentre comunit\u0103\u021bile religioase ale \u021b\u0103rii. De\u0219i menit s\u0103 men\u021bin\u0103 coexisten\u021ba, acordul a consolidat, de asemenea, rivalitatea sectar\u0103. R\u0103zboiul civil libanez (1975-1990), alimentat de conflictul arabo-israelian \u0219i de afluxul masiv de refugia\u021bi palestinieni, a f\u0103cut aproximativ 150 000 de mor\u021bi \u0219i a remodelat peisajul politic al \u021b\u0103rii. Acordul Ta'if din 1989 a pus cap\u0103t r\u0103zboiului prin reechilibrarea puterii \u00eentre cre\u0219tini \u0219i musulmani \u0219i prin limitarea autorit\u0103\u021bii pre\u0219edin\u021biei maronite. Cu toate acestea, acordul nu a rezolvat problemele subiacente ale corup\u021biei, interferen\u021bei str\u0103ine \u0219i fragment\u0103rii sectare. Trupele siriene, desf\u0103\u0219urate ca garan\u021bi ai p\u0103cii, au r\u0103mas p\u00e2n\u0103 \u00een 2005. Ast\u0103zi, \u021aara Cedrilor r\u0103m\u00e2ne o \u021bes\u0103tur\u0103 delicat\u0103 de identit\u0103\u021bi, speran\u021be \u0219i tensiuni nerezolvate. \u00cen acest peisaj complex \u0219i r\u0103nit, Papa Leon sose\u0219te ca un pelerin al p\u0103cii, oferind un mesaj de reconciliere \u0219i re\u00eennoire pentru o \u021bar\u0103 care t\u00e2nje\u0219te dup\u0103 stabilitate \u0219i un viitor bazat pe dreptate \u0219i \u00eencredere reciproc\u0103. Urm\u0103ri\u021bi toat\u0103 acoperirea EWTN News a primei c\u0103l\u0103torii apostolice a Papei Leo aici. Acest articol a fost publicat ini\u021bial pe CNA. Primi\u021bi cele mai importante \u0219tiri de la EWTN Vatican prin WhatsApp. A devenit din ce \u00een ce mai dificil s\u0103 vede\u021bi \u0219tiri catolice pe social media. Abona\u021bi-v\u0103 ast\u0103zi la canalul nostru gratuit EWTN Vatican pe WhatsApp Elias Turk Dori\u021bi s\u0103 primi\u021bi cele mai recente actualiz\u0103ri despre Pap\u0103 \u0219i Vatican Primi\u021bi articole \u0219i actualiz\u0103ri din Newsletterul EWTN. Mai multe \u0219tiri legate de acest articol Dedica\u021bia Bazilicii Lateran: un punct de cotitur\u0103 constantinian Papa Francisc le spune tinerilor \u2018\u00eenv\u0103\u021ba\u021bi s\u0103 asculta\u021bi\u2019 \u00eentr-un videoclip publicat dup\u0103 moarte Papa Francisc salut\u0103 orfanii \u0219i refugia\u021bii din Indonezia Papa Francisc \u00eel nume\u0219te pe Cardinalul Porras, 78 de ani, noul Arhiepiscop de Caracas Vatican News: Distribu\u021bia aleas\u0103 se \u00eent\u00e2lne\u0219te cu Papa Leon al XIV-lea ca jubileu s\u0103rb\u0103tore\u0219te clerul Vatican News: Noul document al Vaticanului privind inteligen\u021ba artificial\u0103<\/p>\n<p><em>Surs\u0103: <a href=\"https:\/\/ewtnvatican.com\/articles\/pope-leo-arrives-lebanon-message-peace-2\" target=\"_blank\" rel=\"noopener noreferrer\">https:\/\/ewtnvatican.com\/articles\/pope-leo-arrives-lebanon-message-peace-2<\/a><\/em><\/p>","protected":false},"excerpt":{"rendered":"<p>Papa Leon al XIV-lea sose\u0219te \u00een Liban, aduc\u00e2nd un mesaj de pace unei na\u021biuni marcate de r\u0103zboi Cerul Libanului - c\u00e2ndva dominat de schimburi de rachete \u0219i de raiduri aeriene ne\u00eencetate \u00een timpul conflictului din 2023-2024 dintre Hezbollah \u0219i Israel - s-a deschis duminic\u0103 nu pentru avioanele de r\u0103zboi, ci pentru aeronava care \u00eel transporta pe Papa Leon al XIV-lea. Ateriz\u00e2nd [...]<\/p>","protected":false},"author":26,"featured_media":3977,"comment_status":"open","ping_status":"open","sticky":false,"template":"","format":"standard","meta":{"footnotes":""},"categories":[12],"tags":[],"class_list":["post-3978","post","type-post","status-publish","format-standard","has-post-thumbnail","hentry","category-vatican"],"_links":{"self":[{"href":"https:\/\/ewtnromania.com\/ro\/wp-json\/wp\/v2\/posts\/3978","targetHints":{"allow":["GET"]}}],"collection":[{"href":"https:\/\/ewtnromania.com\/ro\/wp-json\/wp\/v2\/posts"}],"about":[{"href":"https:\/\/ewtnromania.com\/ro\/wp-json\/wp\/v2\/types\/post"}],"author":[{"embeddable":true,"href":"https:\/\/ewtnromania.com\/ro\/wp-json\/wp\/v2\/users\/26"}],"replies":[{"embeddable":true,"href":"https:\/\/ewtnromania.com\/ro\/wp-json\/wp\/v2\/comments?post=3978"}],"version-history":[{"count":0,"href":"https:\/\/ewtnromania.com\/ro\/wp-json\/wp\/v2\/posts\/3978\/revisions"}],"wp:featuredmedia":[{"embeddable":true,"href":"https:\/\/ewtnromania.com\/ro\/wp-json\/wp\/v2\/media\/3977"}],"wp:attachment":[{"href":"https:\/\/ewtnromania.com\/ro\/wp-json\/wp\/v2\/media?parent=3978"}],"wp:term":[{"taxonomy":"category","embeddable":true,"href":"https:\/\/ewtnromania.com\/ro\/wp-json\/wp\/v2\/categories?post=3978"},{"taxonomy":"post_tag","embeddable":true,"href":"https:\/\/ewtnromania.com\/ro\/wp-json\/wp\/v2\/tags?post=3978"}],"curies":[{"name":"wp","href":"https:\/\/api.w.org\/{rel}","templated":true}]}}