{"id":3990,"date":"2025-11-30T11:45:35","date_gmt":"2025-11-30T11:45:35","guid":{"rendered":"https:\/\/ewtnromania.com\/ro\/2025\/11\/30\/pope-leo-xiv-honors-courageous-christian-witness-of-the-armenian-people-in-istanbul-2\/"},"modified":"2025-11-30T11:45:35","modified_gmt":"2025-11-30T11:45:35","slug":"pope-leo-xiv-honors-courageous-christian-witness-of-the-armenian-people-in-istanbul-2","status":"publish","type":"post","link":"https:\/\/ewtnromania.com\/ro\/2025\/11\/30\/pope-leo-xiv-honors-courageous-christian-witness-of-the-armenian-people-in-istanbul-2\/","title":{"rendered":"Pope Leo XIV honors courageous Christian witness of the Armenian people in Istanbul"},"content":{"rendered":"<p>Papa Leon al XIV-lea onoreaz\u0103 \u2018m\u0103rturia cre\u0219tin\u0103 curajoas\u0103 a poporului armean\u2019 la Istanbul Papa Leon al XIV-lea a dedicat duminic\u0103 ultima diminea\u021b\u0103 a vizitei sale \u00een Turcia consolid\u0103rii leg\u0103turilor cu Biserica Apostolic\u0103 Armeneasc\u0103, mul\u021bumindu-i lui Dumnezeu pentru \u201cm\u0103rturia cre\u0219tin\u0103 curajoas\u0103 a poporului armean de-a lungul istoriei, adesea \u00een circumstan\u021be tragice\u201d. Papa s-a adresat credincio\u0219ilor de la Catedrala Apostolic\u0103 Armeneasc\u0103 din Istanbul, subliniind rela\u021bia tot mai profund\u0103 dintre Biserica Catolic\u0103 \u0219i Biserica Apostolic\u0103 Armeneasc\u0103 \u0219i amintind momentele-cheie din c\u0103l\u0103toria lor ecumenic\u0103 modern\u0103. Vizita la catedral\u0103, sediul Patriarhiei Armene de Constantinopol, a f\u0103cut parte dintr-o zi marcat\u0103 de rug\u0103ciune, dialog \u0219i reflec\u021bie, Papa \u00eencheind etapa din Turcia a primei sale c\u0103l\u0103torii apostolice interna\u021bionale, care continu\u0103 \u00een Liban. Armenii sunt una dintre cele mai vechi comunit\u0103\u021bi cre\u0219tine din Turcia, cu r\u0103d\u0103cini care se \u00eentind \u00eenc\u0103 din primele secole ale cre\u0219tinismului. Istoria lor include perioade de \u00eenflorire, precum \u0219i suferin\u021be profunde, \u00een special deport\u0103rile \u0219i uciderile \u00een mas\u0103 sub Imperiul Otoman \u00een 1915, pe care Papa Francisc le-a numit genocid. \u00cen prezent, o mic\u0103 minoritate armean\u0103 r\u0103m\u00e2ne \u00een Turcia, concentrat\u0103 \u00een mare parte \u00een Istanbul, unde Patriarhia armean\u0103 continu\u0103 s\u0103 le serveasc\u0103 drept ancor\u0103 spiritual\u0103 \u0219i cultural\u0103. Rela\u021biile dintre Biserica Catolic\u0103 \u0219i Biserica Apostolic\u0103 Armeneasc\u0103 au crescut constant \u00een ultimele decenii. \u00cen 1967, Catholicos Khoren I a devenit primul primat al unei Biserici Ortodoxe Orientale care l-a vizitat pe episcopul Romei, pe atunci Paul al VI-lea. Trei ani mai t\u00e2rziu, Catholicos Vasken I \u0219i Paul al VI-lea au semnat prima declara\u021bie comun\u0103 \u00eentre Bisericile lor, \u00eendemn\u00e2ndu-i pe cre\u0219tini \u201cs\u0103 se redescopere ca fra\u021bi \u0219i surori \u00een Hristos \u00een vederea promov\u0103rii unit\u0103\u021bii\u201d. De\u0219i Patriarhia armean\u0103 din Constantinopol este autonom\u0103 \u00een guvernarea sa intern\u0103, aceasta recunoa\u0219te primatul spiritual al Catholicosului tuturor armenilor din Echmiadzin. Catedrala r\u0103m\u00e2ne un c\u0103min spiritual central pentru comunitatea armean\u0103 din Turcia. Marc\u00e2nd cea de-a 1700-a aniversare a Primului Consiliu de la Niceea, papa a subliniat for\u021ba unificatoare a Crezului de la Niceea. \u201cTrebuie s\u0103 ne inspir\u0103m din aceast\u0103 credin\u021b\u0103 apostolic\u0103 comun\u0103 pentru a recupera unitatea care a existat \u00een primele secole \u00eentre Biserica Romei \u0219i Bisericile orientale antice\u201d, a spus el. Comuniunea deplin\u0103, a ad\u0103ugat el, \u201cnu implic\u0103 absorb\u021bie sau dominare, ci mai degrab\u0103 un schimb al darurilor primite de Bisericile noastre de la Duhul Sf\u00e2nt\u201d. Papa Leon i-a onorat, de asemenea, pe sfin\u021bii armeni, \u00een special pe catolicosul \u0219i poetul Nerses IV Shnorhali, din secolul al XII-lea. \u201cFie ca exemplul Sf\u00e2ntului Nerses s\u0103 ne inspire, iar rug\u0103ciunea sa s\u0103 ne \u00eent\u0103reasc\u0103 pe calea comuniunii depline\u201d, a spus el, men\u021bion\u00e2nd comemorarea recent\u0103 a celei de-a 850-a anivers\u0103ri a mor\u021bii lui Shnorhali. \u00centr-un moment de sinceritate, Papa Leon a binecuv\u00e2ntat ofranda tradi\u021bional\u0103 armean\u0103 de p\u00e2ine \u0219i sare - \u0219i, dup\u0103 ce l-a \u00eentrebat pe Patriarhul armean Sahak al II-lea dac\u0103 ar trebui s\u0103 m\u0103n\u00e2nce bucata, a f\u0103cut-o. Acesta a fost primul eveniment din a patra \u0219i ultima sa zi \u00een T\u00fcrkiye (Turcia): o vizit\u0103 de rug\u0103ciune la Patriarhia armean\u0103... pic.twitter.com\/8OuuyOJg21 Patriarhul Sahak II Mashalian l-a \u00eent\u00e2mpinat pe pap\u0103 \u00een catedral\u0103 pentru un program care a inclus rug\u0103ciune, c\u00e2ntece liturgice, un discurs de bun venit, remarcile papei, un schimb de daruri, o binecuv\u00e2ntare \u0219i un imn final. Papa a \u00eencheiat vizita prin binecuv\u00e2ntarea unei pl\u0103ci comemorative la intrarea \u00een catedral\u0103. Urm\u0103ri\u021bi toat\u0103 acoperirea EWTN News a primei c\u0103l\u0103torii apostolice a Papei Leon aici. Acest articol a fost publicat ini\u021bial pe CNA. Primi\u021bi cele mai importante \u0219tiri de la EWTN Vatican prin WhatsApp. A devenit din ce \u00een ce mai dificil s\u0103 vede\u021bi \u0219tiri catolice pe social media. Abona\u021bi-v\u0103 ast\u0103zi la canalul nostru gratuit EWTN Vatican pe WhatsApp Elias Turk Dori\u021bi s\u0103 primi\u021bi cele mai recente actualiz\u0103ri despre Pap\u0103 \u0219i Vatican Primi\u021bi articole \u0219i actualiz\u0103ri din Newsletterul EWTN. Mai multe \u0219tiri legate de acest articol Papa Francisc a \u00eendemnat \u2018inima \u0219i spiritul\u2019 pentru \u2018cei mai s\u0103raci\u2019 dintre noi, spune cardinalul Artime Roma se preg\u0103te\u0219te pentru Jubileul Tinerilor: \u2018Nu ve\u021bi mai tr\u0103i niciodat\u0103 a\u0219a ceva\u2019 Castitatea: O virtute demodat\u0103? Vaticanul \u00een 2024: Un an de extindere global\u0103 \u0219i ambiguitate strategic\u0103 Carlo Acutis \u0219i cei patru papi Vatican, Caritas: Sunt necesare reforme economice globale pentru a atenua criza datoriilor na\u021biunilor s\u0103race<\/p>\n<p><em>Surs\u0103: <a href=\"https:\/\/ewtnvatican.com\/articles\/pope-leo-courageous-christian-witness-of-the-armenian-people\" target=\"_blank\" rel=\"noopener noreferrer\">https:\/\/ewtnvatican.com\/articles\/pope-leo-courageous-christian-witness-of-the-armenian-people<\/a><\/em><\/p>","protected":false},"excerpt":{"rendered":"<p>Papa Leon al XIV-lea onoreaz\u0103 \u2018m\u0103rturia cre\u0219tin\u0103 curajoas\u0103 a poporului armean\u2019 la Istanbul Papa Leon al XIV-lea a dedicat duminic\u0103 ultima diminea\u021b\u0103 a vizitei sale \u00een Turcia consolid\u0103rii leg\u0103turilor cu Biserica Apostolic\u0103 Armeneasc\u0103, mul\u021bumindu-i lui Dumnezeu pentru \u201cm\u0103rturia cre\u0219tin\u0103 curajoas\u0103 a poporului armean de-a lungul istoriei, adesea \u00een circumstan\u021be tragice\u201d. Papa s-a adresat [...]<\/p>","protected":false},"author":26,"featured_media":3989,"comment_status":"open","ping_status":"open","sticky":false,"template":"","format":"standard","meta":{"footnotes":""},"categories":[12],"tags":[],"class_list":["post-3990","post","type-post","status-publish","format-standard","has-post-thumbnail","hentry","category-vatican"],"_links":{"self":[{"href":"https:\/\/ewtnromania.com\/ro\/wp-json\/wp\/v2\/posts\/3990","targetHints":{"allow":["GET"]}}],"collection":[{"href":"https:\/\/ewtnromania.com\/ro\/wp-json\/wp\/v2\/posts"}],"about":[{"href":"https:\/\/ewtnromania.com\/ro\/wp-json\/wp\/v2\/types\/post"}],"author":[{"embeddable":true,"href":"https:\/\/ewtnromania.com\/ro\/wp-json\/wp\/v2\/users\/26"}],"replies":[{"embeddable":true,"href":"https:\/\/ewtnromania.com\/ro\/wp-json\/wp\/v2\/comments?post=3990"}],"version-history":[{"count":0,"href":"https:\/\/ewtnromania.com\/ro\/wp-json\/wp\/v2\/posts\/3990\/revisions"}],"wp:featuredmedia":[{"embeddable":true,"href":"https:\/\/ewtnromania.com\/ro\/wp-json\/wp\/v2\/media\/3989"}],"wp:attachment":[{"href":"https:\/\/ewtnromania.com\/ro\/wp-json\/wp\/v2\/media?parent=3990"}],"wp:term":[{"taxonomy":"category","embeddable":true,"href":"https:\/\/ewtnromania.com\/ro\/wp-json\/wp\/v2\/categories?post=3990"},{"taxonomy":"post_tag","embeddable":true,"href":"https:\/\/ewtnromania.com\/ro\/wp-json\/wp\/v2\/tags?post=3990"}],"curies":[{"name":"wp","href":"https:\/\/api.w.org\/{rel}","templated":true}]}}