{"id":3992,"date":"2025-11-29T17:09:15","date_gmt":"2025-11-29T17:09:15","guid":{"rendered":"https:\/\/ewtnromania.com\/ro\/2025\/11\/29\/pope-leo-xiv-and-bartholomew-i-deeply-alarmed-by-global-tensions-2\/"},"modified":"2025-11-29T17:09:15","modified_gmt":"2025-11-29T17:09:15","slug":"pope-leo-xiv-and-bartholomew-i-deeply-alarmed-by-global-tensions-2","status":"publish","type":"post","link":"https:\/\/ewtnromania.com\/ro\/2025\/11\/29\/pope-leo-xiv-and-bartholomew-i-deeply-alarmed-by-global-tensions-2\/","title":{"rendered":"Pope Leo XIV and Bartholomew I \u2018deeply alarmed\u2019 by global tensions"},"content":{"rendered":"<p>Papa Leon al XIV-lea \u0219i Bartolomeu I, \u2018profund alarma\u021bi\u2019 de tensiunile globale Papa Leon al XIV-lea \u0219i Patriarhul Ecumenic Bartolomeu I al Constantinopolului au declarat s\u00e2mb\u0103t\u0103 c\u0103 sunt \u201cprofund alarma\u021bi de situa\u021bia interna\u021bional\u0103 actual\u0103\u201d, lans\u00e2nd un apel comun pentru pace. Apelul a avut loc \u00een timpul primei c\u0103l\u0103torii interna\u021bionale a papei, o c\u0103l\u0103torie care l-a dus \u00een Turcia \u0219i va continua \u00een Liban. Cei doi lideri au semnat o declara\u021bie comun\u0103 la Palatul Patriarhiei Ecumenice Ortodoxe din Istanbul. Textul respinge utilizarea religiei pentru a justifica violen\u021ba, \u00eendeamn\u0103 la eforturi globale pentru pace, sprijin\u0103 cooperarea \u00eentre credincio\u0219ii de diferite religii \u0219i \u00eencredin\u021beaz\u0103 lui Dumnezeu o lume suferind\u0103, cu speran\u021b\u0103 re\u00eennoit\u0103 \u00een Duhul Sf\u00e2nt. Papa \u0219i patriarhul, care este considerat primul \u00eentre egali \u00eentre episcopii ortodoc\u0219i orientali, \u0219i-au reafirmat angajamentul comun fa\u021b\u0103 de dialogul menit s\u0103 restabileasc\u0103 comuniunea deplin\u0103 \u00eentre Biserica Catolic\u0103 \u0219i Bisericile Ortodoxe. Numind unitatea cre\u0219tin\u0103 un dar de la Dumnezeu, ei au \u00eencurajat clerul \u0219i credincio\u0219ii s\u0103 se roage \u0219i s\u0103 lucreze pentru \u00eemplinirea rug\u0103ciunii lui Hristos \u201cca to\u021bi s\u0103 fie una\u201d. Marc\u00e2nd cea de-a 1700-a aniversare a Primului Conciliu de la Niceea, ei au subliniat Crezul de la Niceea ca fundament comun al credin\u021bei \u0219i \u0219i-au exprimat speran\u021ba pentru o viitoare celebrare comun\u0103 a Pa\u0219telui. Ei au reamintit cu recuno\u0219tin\u021b\u0103 cea de-a 60-a aniversare a ridic\u0103rii excomunic\u0103rilor reciproce \u00een 1965 de c\u0103tre Sf\u00e2ntul Paul al VI-lea \u0219i Patriarhul Ecumenic Athenagoras I \u0219i au f\u0103cut apel la un curaj re\u00eennoit \u00een continuarea dialogului. Recunosc\u00e2nd obstacolele care \u00eenc\u0103 \u00eempiedic\u0103 deplina comuniune, Leon \u0219i Bartolomeu au declarat c\u0103 r\u0103m\u00e2n angaja\u021bi s\u0103 le abordeze prin schimburi teologice \u0219i \u00eent\u00e2lniri fr\u0103\u021be\u0219ti. \u00cen declara\u021bia lor, ei au f\u0103cut apel la liderii civili \u0219i politici s\u0103 \u201cfac\u0103 tot posibilul pentru a se asigura c\u0103 tragedia r\u0103zboiului \u00eenceteaz\u0103 imediat\u201d \u0219i au cerut tuturor oamenilor de bun\u0103voin\u021b\u0103 s\u0103 li se al\u0103ture \u00een acest apel. Ei au \u00eencurajat eforturile de a construi o societate just\u0103 \u0219i solidar\u0103 \u0219i de a avea grij\u0103 de crea\u021bie, insist\u00e2nd asupra faptului c\u0103 numai o astfel de responsabilitate comun\u0103 poate dep\u0103\u0219i indiferen\u021ba, domina\u021bia, l\u0103comia \u0219i xenofobia. Mai devreme \u00een cursul zilei, Papa Leon s-a al\u0103turat Patriarhului Bartolomeu pentru o Doxologie, o rug\u0103ciune liturgic\u0103 de laud\u0103 adus\u0103 lui Dumnezeu, la Biserica Patriarhal\u0103 Ecumenic\u0103 Ortodox\u0103 Sf\u00e2ntul Gheorghe din Istanbul. Papa a declarat c\u0103 a sim\u021bit \u201co mare emo\u021bie\u201d la intrarea \u00een biserica istoric\u0103, men\u021bion\u00e2nd c\u0103 a fost con\u0219tient de gesturile predecesorilor s\u0103i \u0219i recunosc\u0103tor pentru prietenia pe care a \u00eemp\u0103rt\u0103\u0219it-o cu Bartolomeu de la \u00eenceputul slujbei sale ca episcop al Romei. Patriarhia Ecumenic\u0103, cu sediul la Istanbul, este recunoscut\u0103 ca sediul central de coordonare al Bisericii Ortodoxe. Patriarhul Bartolomeu I, cunoscut pentru rolul s\u0103u de lider \u00een dialogul ecumenic \u0219i \u00een ap\u0103rarea mediului, este considerat cel de-al 270-lea succesor al Sf\u00e2ntului Andrei. S\u00e2mb\u0103t\u0103 diminea\u021ba, Papa s-a \u00eent\u00e2lnit, de asemenea, \u00een privat cu liderii Bisericilor cre\u0219tine din Turcia la Biserica Ortodox\u0103 Siriac\u0103 Mor Ephrem din Istanbul, unde a fost \u00eent\u00e2mpinat de Patriarhul Ortodox Siriac Ignatius Aphrem II. \u00cen \u00eencheierea reuniunii, el a reflectat asupra semnifica\u021biei Conciliului de la Niceea \u0219i a Evangheliei \u00centrup\u0103rii, chem\u00e2ndu-i pe liderii reuni\u021bi la rug\u0103ciune, unitate \u0219i evanghelizare re\u00eennoit\u0103. El i-a invitat s\u0103 c\u0103l\u0103toreasc\u0103 \u00eempreun\u0103 spre Jubileul din 2033, cu speran\u021ba de a avansa spre comuniunea deplin\u0103, inspirat\u0103 de motto-ul In Illo Uno Unum (\u201cUnitate \u00een Unul\u201d). Mor Ephrem, situat\u0103 \u00een Ye\u0219ilk\u00f6y, este prima biseric\u0103 construit\u0103 \u00een Turcia de la fondarea Republicii. Construc\u021bia a \u00eenceput cu aproape un deceniu \u00eenainte de inaugurarea sa \u00een 2023, dar a fost \u00eencetinit\u0103 de \u00eent\u00e2rzieri administrative, pandemia COVID-19 \u0219i cutremurul din 2023. \u00cen timpul \u00eent\u00e2lnirii, un cor a c\u00e2ntat o invocare a Duhului Sf\u00e2nt \u00eenainte ca liderii s\u0103 se a\u0219eze \u00eempreun\u0103 la o mas\u0103 rotund\u0103 pentru un schimb de opinii cu u\u0219ile \u00eenchise. Fiecare a oferit scurte observa\u021bii, urmate de discursul papei. Vicarul patriarhal a condus rug\u0103ciunea Tat\u0103l Nostru \u00eenainte de plecarea papei. Biserica Ortodox\u0103 Siriac\u0103, cu sediul central \u00een Damasc, Siria, num\u0103r\u0103 aproximativ dou\u0103 milioane de credincio\u0219i \u00een \u00eentreaga lume, iar patriarhul s\u0103u joac\u0103 un rol important \u00een rela\u021biile ecumenice. Urm\u0103ri\u021bi toat\u0103 acoperirea EWTN News a Primei c\u0103l\u0103torii apostolice a Papei Leon aici. Acest articol a fost publicat ini\u021bial pe CNA. Primi\u021bi cele mai importante \u0219tiri de la EWTN Vatican prin WhatsApp. A devenit din ce \u00een ce mai dificil s\u0103 vede\u021bi \u0219tiri catolice pe social media. Abona\u021bi-v\u0103 ast\u0103zi la canalul nostru gratuit EWTN Vatican pe WhatsApp Elias Turk Dori\u021bi s\u0103 primi\u021bi cele mai recente actualiz\u0103ri despre Pap\u0103 \u0219i Vatican Primi\u021bi articole \u0219i actualiz\u0103ri din Newsletterul EWTN. Mai multe \u0219tiri legate de acest articol Papa Francisc: Ne l\u0103s\u0103m s\u0103 fim uimi\u021bi de lucr\u0103rile lui Dumnezeu? Cardinalul Pizzaballa: \u2018Hristos nu lipse\u0219te din Gaza\u2019 \u00een mijlocul r\u0103zboiului Festivalul Vitae de la Roma Remembering Rome's Courageous Pope: Ac\u021biunile lui Pius al XII-lea \u00een mijlocul bombardamentelor FOTO: Actorul Roberto Benigni din \u2018Via\u021ba este frumoas\u0103\u2019 se \u00eent\u00e2lne\u0219te cu Papa \u00cen San Pietro, Baldachinul lui Bernini prime\u0219te sprijinul necesar<\/p>\n<p><em>Surs\u0103: <a href=\"https:\/\/ewtnvatican.com\/articles\/pope-leo-xiv-and-bartholomew-i-global-tensions\" target=\"_blank\" rel=\"noopener noreferrer\">https:\/\/ewtnvatican.com\/articles\/pope-leo-xiv-and-bartholomew-i-global-tensions<\/a><\/em><\/p>","protected":false},"excerpt":{"rendered":"<p>Papa Leon al XIV-lea \u0219i Bartolomeu I, \u2018profund alarma\u021bi\u2019 de tensiunile globale Papa Leon al XIV-lea \u0219i Patriarhul Ecumenic Bartolomeu I al Constantinopolului au declarat s\u00e2mb\u0103t\u0103 c\u0103 sunt \u201cprofund alarma\u021bi de situa\u021bia interna\u021bional\u0103 actual\u0103\u201d, lans\u00e2nd un apel comun pentru pace. Apelul a avut loc \u00een timpul primei c\u0103l\u0103torii interna\u021bionale a papei, o c\u0103l\u0103torie care l-a dus [...]<\/p>","protected":false},"author":26,"featured_media":3991,"comment_status":"open","ping_status":"open","sticky":false,"template":"","format":"standard","meta":{"footnotes":""},"categories":[12],"tags":[],"class_list":["post-3992","post","type-post","status-publish","format-standard","has-post-thumbnail","hentry","category-vatican"],"_links":{"self":[{"href":"https:\/\/ewtnromania.com\/ro\/wp-json\/wp\/v2\/posts\/3992","targetHints":{"allow":["GET"]}}],"collection":[{"href":"https:\/\/ewtnromania.com\/ro\/wp-json\/wp\/v2\/posts"}],"about":[{"href":"https:\/\/ewtnromania.com\/ro\/wp-json\/wp\/v2\/types\/post"}],"author":[{"embeddable":true,"href":"https:\/\/ewtnromania.com\/ro\/wp-json\/wp\/v2\/users\/26"}],"replies":[{"embeddable":true,"href":"https:\/\/ewtnromania.com\/ro\/wp-json\/wp\/v2\/comments?post=3992"}],"version-history":[{"count":0,"href":"https:\/\/ewtnromania.com\/ro\/wp-json\/wp\/v2\/posts\/3992\/revisions"}],"wp:featuredmedia":[{"embeddable":true,"href":"https:\/\/ewtnromania.com\/ro\/wp-json\/wp\/v2\/media\/3991"}],"wp:attachment":[{"href":"https:\/\/ewtnromania.com\/ro\/wp-json\/wp\/v2\/media?parent=3992"}],"wp:term":[{"taxonomy":"category","embeddable":true,"href":"https:\/\/ewtnromania.com\/ro\/wp-json\/wp\/v2\/categories?post=3992"},{"taxonomy":"post_tag","embeddable":true,"href":"https:\/\/ewtnromania.com\/ro\/wp-json\/wp\/v2\/tags?post=3992"}],"curies":[{"name":"wp","href":"https:\/\/api.w.org\/{rel}","templated":true}]}}