{"id":3994,"date":"2025-11-29T16:28:47","date_gmt":"2025-11-29T16:28:47","guid":{"rendered":"https:\/\/ewtnromania.com\/ro\/2025\/11\/29\/airbus-computer-issue-affects-papal-plane-during-trip-to-turkey-2\/"},"modified":"2025-11-29T16:28:47","modified_gmt":"2025-11-29T16:28:47","slug":"airbus-computer-issue-affects-papal-plane-during-trip-to-turkey-2","status":"publish","type":"post","link":"https:\/\/ewtnromania.com\/ro\/2025\/11\/29\/airbus-computer-issue-affects-papal-plane-during-trip-to-turkey-2\/","title":{"rendered":"Airbus computer issue affects papal plane during trip to Turkey"},"content":{"rendered":"<p>O problem\u0103 informatic\u0103 Airbus afecteaz\u0103 avionul papal \u00een timpul c\u0103l\u0103toriei \u00een Turcia Avionul papal care \u00eel va transporta duminic\u0103 pe Papa Leon al XIV-lea din Turcia \u00een Liban este unul dintre miile de aeronave Airbus A320 afectate de o problem\u0103 informatic\u0103. Aproximativ 6 000 de avioane Airbus au fost re\u021binute la sol \u00een acest weekend, dup\u0103 ce s-a descoperit c\u0103 radia\u021biile solare intense ar putea interfera cu computerele de bord pentru controlul zborului, potrivit BBC. Pentru majoritatea aeronavelor afectate, problema a putut fi rezolvat\u0103 cu o actualizare a software-ului, dar aproximativ 900 de avioane, inclusiv avionul papal, au avut nevoie de \u00eenlocuirea fizic\u0103 a computerelor de bord. Potrivit directorului Biroului de pres\u0103 al Sf\u00e2ntului Scaun, Matteo Bruni, un avion a sosit s\u00e2mb\u0103t\u0103 la Istanbul de la Roma cu un tehnician \u0219i computerul de \u00eenlocuire pentru avionul ITA Airways A320neo al Papei Leo. Leo este programat s\u0103 ia un zbor de dou\u0103 ore de la Istanbul la Beirut \u00een jurul pr\u00e2nzului pe 30 noiembrie pentru a doua etap\u0103 a c\u0103l\u0103toriei sale apostolice \u00een Turcia \u0219i Liban. un tehnician de la Roma a f\u0103cut interven\u021bia necesar\u0103, iar Bruni a informat pool-ul de pres\u0103 local\u0103 la sol \u00een Turcia: \u201cEi au terminat lucr\u0103rile la avion\u201d. Urm\u0103ri\u021bi aici toat\u0103 acoperirea EWTN News a primei c\u0103l\u0103torii apostolice a Papei Leon. acest articol CNA a fost actualizat \u0219i adaptat de EWTN Vatican Primi\u021bi cele mai importante \u0219tiri de la EWTN Vatican prin WhatsApp. A devenit din ce \u00een ce mai dificil s\u0103 vezi \u0219tiri catolice pe social media. Abona\u021bi-v\u0103 ast\u0103zi la canalul nostru gratuit EWTN Vatican pe WhatsApp Hannah Brockhaus Dori\u021bi s\u0103 primi\u021bi cele mai recente actualiz\u0103ri despre Pap\u0103 \u0219i Vatican Primi\u021bi articole \u0219i actualiz\u0103ri din Newsletterul EWTN. Mai multe \u0219tiri legate de acest articol 10 citate inspira\u021bionale ale Papei Francisc \u00een enciclica sa \u2018Dilexit Nos\u2019 Angajamentul Papei Francisc de a proteja minorii Papa Francisc va prezida slujba de Miercurea Cenu\u0219ii \u0219i procesiunea tradi\u021bional\u0103 de la Roma Buc\u0103tarii din Chicago vor deschide un restaurant ecologic la retragerea papal\u0103 de la Vatican 2 de\u021binu\u021bi din \u00eenchisoarea Rebibbia la audien\u021ba general\u0103 a Papei: \u2019A fost un mare dar\u2018 Cardinalul Pizzaballa: Solu\u021bia celor dou\u0103 state este nerealist\u0103 pentru Israel-Hamas<\/p>\n<p><em>Surs\u0103: <a href=\"https:\/\/ewtnvatican.com\/articles\/papal-plane-technical-issues\" target=\"_blank\" rel=\"noopener noreferrer\">https:\/\/ewtnvatican.com\/articles\/papal-plane-technical-issues<\/a><\/em><\/p>","protected":false},"excerpt":{"rendered":"<p>Problema informatic\u0103 Airbus afecteaz\u0103 avionul papal \u00een timpul c\u0103l\u0103toriei \u00een Turcia Avionul papal care \u00eel va transporta duminic\u0103 pe Papa Leon al XIV-lea din Turcia \u00een Liban este unul dintre miile de aeronave Airbus A320 afectate de o problem\u0103 informatic\u0103. Aproximativ 6.000 de avioane Airbus au fost re\u021binute la sol \u00een acest weekend dup\u0103 ce s-a descoperit c\u0103 radia\u021biile solare intense ar putea [...]<\/p>","protected":false},"author":26,"featured_media":3993,"comment_status":"open","ping_status":"open","sticky":false,"template":"","format":"standard","meta":{"footnotes":""},"categories":[12],"tags":[],"class_list":["post-3994","post","type-post","status-publish","format-standard","has-post-thumbnail","hentry","category-vatican"],"_links":{"self":[{"href":"https:\/\/ewtnromania.com\/ro\/wp-json\/wp\/v2\/posts\/3994","targetHints":{"allow":["GET"]}}],"collection":[{"href":"https:\/\/ewtnromania.com\/ro\/wp-json\/wp\/v2\/posts"}],"about":[{"href":"https:\/\/ewtnromania.com\/ro\/wp-json\/wp\/v2\/types\/post"}],"author":[{"embeddable":true,"href":"https:\/\/ewtnromania.com\/ro\/wp-json\/wp\/v2\/users\/26"}],"replies":[{"embeddable":true,"href":"https:\/\/ewtnromania.com\/ro\/wp-json\/wp\/v2\/comments?post=3994"}],"version-history":[{"count":0,"href":"https:\/\/ewtnromania.com\/ro\/wp-json\/wp\/v2\/posts\/3994\/revisions"}],"wp:featuredmedia":[{"embeddable":true,"href":"https:\/\/ewtnromania.com\/ro\/wp-json\/wp\/v2\/media\/3993"}],"wp:attachment":[{"href":"https:\/\/ewtnromania.com\/ro\/wp-json\/wp\/v2\/media?parent=3994"}],"wp:term":[{"taxonomy":"category","embeddable":true,"href":"https:\/\/ewtnromania.com\/ro\/wp-json\/wp\/v2\/categories?post=3994"},{"taxonomy":"post_tag","embeddable":true,"href":"https:\/\/ewtnromania.com\/ro\/wp-json\/wp\/v2\/tags?post=3994"}],"curies":[{"name":"wp","href":"https:\/\/api.w.org\/{rel}","templated":true}]}}