{"id":3996,"date":"2025-11-29T16:08:19","date_gmt":"2025-11-29T16:08:19","guid":{"rendered":"https:\/\/ewtnromania.com\/ro\/2025\/11\/29\/pope-leo-xiv-visits-emblematic-turkish-mosque-in-sign-of-fraternity-with-muslims-2\/"},"modified":"2025-11-29T16:08:19","modified_gmt":"2025-11-29T16:08:19","slug":"pope-leo-xiv-visits-emblematic-turkish-mosque-in-sign-of-fraternity-with-muslims-2","status":"publish","type":"post","link":"https:\/\/ewtnromania.com\/ro\/2025\/11\/29\/pope-leo-xiv-visits-emblematic-turkish-mosque-in-sign-of-fraternity-with-muslims-2\/","title":{"rendered":"Pope Leo XIV visits emblematic Turkish mosque in sign of fraternity with Muslims"},"content":{"rendered":"<p>Papa Leon al XIV-lea viziteaz\u0103 moscheea emblematic\u0103 din Turcia \u00een semn de fraternitate cu musulmanii Papa Leon al XIV-lea \u0219i-a \u00eenceput s\u00e2mb\u0103t\u0103 a treia zi \u00een Turcia cu o vizit\u0103 la Moscheea Sultan Ahmed din Istanbul. Vizita a fost un gest de respect fa\u021b\u0103 de lumea islamic\u0103, de fraternitate cu musulmanii \u0219i de continuitate \u00een construirea pun\u021bilor de dialog interreligios, de\u0219i papa a refuzat invita\u021bia de a se ruga \u00een l\u0103ca\u0219ul de cult musulman. Papa Leon al XIV-lea \u0219i-a \u00eenceput cea de-a treia zi \u00een T\u00fcrkiye cu o vizit\u0103 istoric\u0103 la Moscheea Albastr\u0103 din Istanbul, intr\u00e2nd pentru prima dat\u0103 \u00een calitate de pap\u0103 \u00eentr-un l\u0103ca\u0219 de cult musulman. El \u0219i-a scos pantofii la intrare (de fapt, poart\u0103 \u0219osete albe!), urm\u00e2nd obiceiul local, \u0219i potrivit... pic.twitter.com\/W30YceDpiT A\u0219a-numita \u201cMoschee Albastr\u0103\u201d este una dintre cele mai importante cl\u0103diri islamice din Istanbul. Frumuse\u021bea, amploarea \u0219i istoria sa continu\u0103 s\u0103 atrag\u0103 vizitatori din \u00eentreaga lume. De asemenea, ocup\u0103 un loc unic \u00een rela\u021bia dintre cre\u0219tinism \u0219i islam, deoarece mai mul\u021bi papi au trecut prin u\u0219ile sale \u00een t\u0103cere \u0219i respect. Benedict al XVI-lea a vizitat moscheea \u00een 2006, \u00een timpul vizitei sale \u00een \u021bar\u0103. Vizita a avut loc la mai pu\u021bin de trei luni dup\u0103 un discurs pe care l-a \u021binut la Regensburg, \u00een Germania, \u00een care a citat descrierea Islamului de c\u0103tre un \u00eemp\u0103rat medieval ca fiind \u201cr\u0103u \u0219i inuman\u201d \u0219i \u201cr\u0103sp\u00e2ndit prin sabie\u201d, provoc\u00e2nd o reac\u021bie feroce \u00een lumea musulman\u0103. Purt\u0103torul de cuv\u00e2nt al Vaticanului la acea vreme, p\u0103rintele Federico Lombardi, a declarat c\u0103 Benedict s-a oprit pentru medita\u021bie \u00een interiorul moscheii. Papa Francisc a intrat \u00een moschee \u00een 2014 \u0219i a stat \u00een ceea ce Vaticanul a descris ca fiind un \u201cmoment de adora\u021bie t\u0103cut\u0103\u201d a lui Dumnezeu \u00een interiorul l\u0103ca\u0219ului de cult musulman. Dup\u0103 vizita lui Leo de s\u00e2mb\u0103t\u0103, biroul de pres\u0103 al Sf\u00e2ntului Scaun a declarat \u00eentr-o declara\u021bie c\u0103 \u201cpapa a tr\u0103it vizita la moschee \u00een t\u0103cere, \u00eentr-un spirit de reflec\u021bie \u0219i ascultare atent\u0103, cu profund respect pentru locul \u0219i pentru credin\u021ba celor care se adun\u0103 acolo \u00een rug\u0103ciune\u201d. Una dintre gazdele papei pentru vizit\u0103, muezzin A\u0219g\u0131n Musa Tunca, a declarat reporterilor dup\u0103 aceea c\u0103 i-a spus papei c\u0103 este binevenit \u201cs\u0103 se \u00eenchine aici\u201d, dar c\u0103 Leo a r\u0103spuns: \u201cNu, am de g\u00e2nd doar s\u0103 arunc o privire\u201d. O omisiune notabil\u0103 din itinerariul lui Leo, \u0219i un punct de tensiune \u00een rela\u021biile catolico-islamice, este Hagia Sophia, biserica bizantin\u0103 transformat\u0103 \u00een moschee pe care guvernul turc a desemnat-o muzeu deschis tuturor credin\u021belor \u00een secolul al XX-lea. Papii Paul al VI-lea, Ioan Paul al II-lea, Benedict al XVI-lea \u0219i Francisc au vizitat monumentul cu ocazia vizitelor papale anterioare \u00een Turcia. Francisc a declarat c\u0103 a fost \u201cprofund \u00eendurerat\u201d c\u00e2nd guvernul l-a transformat din nou \u00eentr-o moschee \u00een 2020. \u00centrebat joi de ce Leo nu va vizita Hagia Sophia, Bruni a spus: \u201cPur \u0219i simplu nu a fost inclus\u0103 \u00een program\u201d. \u201cMoscheea albastr\u0103\u201d, pe care Leo a vizitat-o s\u00e2mb\u0103t\u0103, a fost construit\u0103 \u00eentre 1609 \u0219i 1617 de sultanul Ahmed I. Ocup\u0103 o parte din locul unde se afla Marele Palat din Constantinopol. Scopul a fost de a o transforma \u00een cel mai important l\u0103ca\u0219 de cult din Imperiul Otoman. Procesul de construc\u021bie a fost atent organizat. Numele de \u201cMoscheea Albastr\u0103\u201d provine de la cele aproximativ 21 de mii de pl\u0103ci ceramice turcoaz amplasate de-a lungul pere\u021bilor \u0219i al cupolei principale. Pere\u021bii, arcadele \u0219i coloanele poart\u0103 faimoasele pl\u0103ci Iznik \u00een tonuri de la albastru la verde. Lumina care intr\u0103 prin 260 de ferestre mici ofer\u0103, de asemenea, s\u0103lii de rug\u0103ciune o atmosfer\u0103 remarcabil\u0103. Moscheea Sultan Ahmed este singura moschee cu \u0219ase minarete. Majoritatea moscheilor au patru. Doar cea a Ka'ba din Mecca, Arabia Saudit\u0103, o dep\u0103\u0219e\u0219te, cu \u0219apte. Acest articol a fost publicat ini\u021bial pe CNA. Urm\u0103ri\u021bi toate reportajele EWTN News despre prima c\u0103l\u0103torie apostolic\u0103 a Papei Leon aici. Primi\u021bi cele mai importante \u0219tiri de la EWTN Vatican prin WhatsApp. A devenit din ce \u00een ce mai dificil s\u0103 vede\u021bi \u0219tiri catolice pe social media. Abona\u021bi-v\u0103 ast\u0103zi la canalul nostru gratuit EWTN Vatican pe WhatsApp Elias Turk Dori\u021bi s\u0103 primi\u021bi cele mai recente actualiz\u0103ri despre Pap\u0103 \u0219i Vatican Primi\u021bi articole \u0219i actualiz\u0103ri din Newsletterul EWTN. Mai multe \u0219tiri legate de acest articol Papa Francisc reitereaz\u0103 dorin\u021ba de \u2018unitate deplin\u0103\u2019 \u00eentre cre\u0219tini Papa Francisc anun\u021b\u0103 o scrisoare apostolic\u0103 dedicat\u0103 Sfintei Tereza de Lisieux Care vor fi urm\u0103toarele c\u0103l\u0103torii ale Papei Francisc \u00een 2023? \u00centre certitudini \u0219i posibilit\u0103\u021bi \u00cen urm\u0103 cu 22 de ani, ast\u0103zi, Sf\u00e2ntul Ioan Paul al II-lea l-a creat cardinal pe actualul Pap\u0103 Francisc Originile s\u0103rb\u0103torii Corpus Christi Medicii spun c\u0103 Papa Francisc arat\u0103 o \u2019u\u0219oar\u0103 ameliorare\u2018 \u00een timp ce se afl\u0103 \u00een spital<\/p>\n<p><em>Surs\u0103: <a href=\"https:\/\/ewtnvatican.com\/articles\/pope-leo-visits-blue-mosque\" target=\"_blank\" rel=\"noopener noreferrer\">https:\/\/ewtnvatican.com\/articles\/pope-leo-visits-blue-mosque<\/a><\/em><\/p>","protected":false},"excerpt":{"rendered":"<p>Papa Leon al XIV-lea viziteaz\u0103 moscheea emblematic\u0103 din Turcia \u00een semn de fraternitate cu musulmanii Papa Leon al XIV-lea \u0219i-a \u00eenceput s\u00e2mb\u0103t\u0103 a treia zi \u00een Turcia cu o vizit\u0103 la Moscheea Sultan Ahmed din Istanbul. Vizita a fost un gest de respect fa\u021b\u0103 de lumea islamic\u0103, de fraternitate cu musulmanii \u0219i de continuitate \u00een construirea de pun\u021bi interreligioase [...]<\/p>","protected":false},"author":26,"featured_media":3995,"comment_status":"open","ping_status":"open","sticky":false,"template":"","format":"standard","meta":{"footnotes":""},"categories":[12],"tags":[],"class_list":["post-3996","post","type-post","status-publish","format-standard","has-post-thumbnail","hentry","category-vatican"],"_links":{"self":[{"href":"https:\/\/ewtnromania.com\/ro\/wp-json\/wp\/v2\/posts\/3996","targetHints":{"allow":["GET"]}}],"collection":[{"href":"https:\/\/ewtnromania.com\/ro\/wp-json\/wp\/v2\/posts"}],"about":[{"href":"https:\/\/ewtnromania.com\/ro\/wp-json\/wp\/v2\/types\/post"}],"author":[{"embeddable":true,"href":"https:\/\/ewtnromania.com\/ro\/wp-json\/wp\/v2\/users\/26"}],"replies":[{"embeddable":true,"href":"https:\/\/ewtnromania.com\/ro\/wp-json\/wp\/v2\/comments?post=3996"}],"version-history":[{"count":0,"href":"https:\/\/ewtnromania.com\/ro\/wp-json\/wp\/v2\/posts\/3996\/revisions"}],"wp:featuredmedia":[{"embeddable":true,"href":"https:\/\/ewtnromania.com\/ro\/wp-json\/wp\/v2\/media\/3995"}],"wp:attachment":[{"href":"https:\/\/ewtnromania.com\/ro\/wp-json\/wp\/v2\/media?parent=3996"}],"wp:term":[{"taxonomy":"category","embeddable":true,"href":"https:\/\/ewtnromania.com\/ro\/wp-json\/wp\/v2\/categories?post=3996"},{"taxonomy":"post_tag","embeddable":true,"href":"https:\/\/ewtnromania.com\/ro\/wp-json\/wp\/v2\/tags?post=3996"}],"curies":[{"name":"wp","href":"https:\/\/api.w.org\/{rel}","templated":true}]}}