{"id":3998,"date":"2025-11-29T07:55:52","date_gmt":"2025-11-29T07:55:52","guid":{"rendered":"https:\/\/ewtnromania.com\/ro\/2025\/11\/29\/pope-leo-xiv-nicaea-anniversary-urges-christians-to-overcome-divisions-2\/"},"modified":"2025-11-29T07:55:52","modified_gmt":"2025-11-29T07:55:52","slug":"pope-leo-xiv-nicaea-anniversary-urges-christians-to-overcome-divisions-2","status":"publish","type":"post","link":"https:\/\/ewtnromania.com\/ro\/2025\/11\/29\/pope-leo-xiv-nicaea-anniversary-urges-christians-to-overcome-divisions-2\/","title":{"rendered":"Pope Leo XIV: Nicaea anniversary, urges Christians to overcome divisions"},"content":{"rendered":"<p>Papa Leon al XIV-lea: aniversarea Niceei, \u00eendeamn\u0103 cre\u0219tinii s\u0103 dep\u0103\u0219easc\u0103 diviziunile Papa Leon al XIV-lea a comemorat vineri cea de-a 1700-a aniversare a Primului Conciliu de la Niceea \u00een ora\u0219ul turc cunoscut istoric ca locul de na\u0219tere al Crezului de la Niceea, \u00eendemn\u00e2nd cre\u0219tinii s\u0103 dep\u0103\u0219easc\u0103 \u201cscandalul diviziunilor\u201d \u0219i s\u0103 \u00ee\u0219i re\u00eennoiasc\u0103 angajamentul fa\u021b\u0103 de unitate. Papa a vorbit \u00een timpul unei slujbe ecumenice de rug\u0103ciune care a avut loc pe situl arheologic al bazilicii antice a Sf\u00e2ntului Neophytos de pe malul lacului Iznik, la sud-est de Istanbul. \u00cent\u00e2lnirea a marcat unul dintre cele mai simbolice momente ale vizitei sale apostolice \u00een Turcia, care s-a axat puternic pe activit\u0103\u021bi ecumenice \u0219i interreligioase. \u201cSuntem cu to\u021bii invita\u021bi s\u0103 dep\u0103\u0219im scandalul diviziunilor\u201d, a spus el, \u00eendemn\u00e2ndu-i pe cre\u0219tini s\u0103 alimenteze \u201cdorin\u021ba de unitate pentru care Domnul Isus s-a rugat \u0219i \u0219i-a dat via\u021ba\u201d. Papa Leon \u0219i Patriarhul Ecumenic Bartolomeu I, considerat primul \u00eentre egali \u00een r\u00e2ndul episcopilor ortodoc\u0219i r\u0103s\u0103riteni, au fost \u00eent\u00e2mpina\u021bi de doi episcopi ortodoc\u0219i de rang \u00eenalt \u00eenainte de a se \u00eendrepta spre o platform\u0103 de l\u00e2ng\u0103 ruinele scufundate ale bazilicii. Cei doi lideri au stat \u00een fa\u021ba icoanelor lui Hristos \u0219i ale conciliului \u0219i au aprins lum\u00e2n\u0103ri \u00eempreun\u0103. Iznik, fost\u0103 Niceea, este situat\u0103 la aproximativ 130 de kilometri sud-est de Istanbul. R\u0103m\u0103\u0219i\u021bele unei bazilici paleocre\u0219tine dedicate Sf\u00e2ntului Neophytos, un t\u00e2n\u0103r martir ucis \u00een anul 303 \u00een timpul persecu\u021biilor lui Diocle\u021bian, au fost identificate pentru prima dat\u0103 \u00een 2014, dup\u0103 ce fotografii aeriene au dezv\u0103luit conturul unei biserici scufundate. Bazilica s-a pr\u0103bu\u0219it \u00een timpul unui cutremur \u00een 740, iar ruinele sale sunt acum vizibile de pe malul lacului. \u00cen omilia sa, Leo a spus c\u0103 aniversarea a fost \u201co ocazie pre\u021bioas\u0103 de a ne \u00eentreba cine este Iisus Hristos \u00een vie\u021bile b\u0103rba\u021bilor \u0219i femeilor de ast\u0103zi \u0219i cine este El pentru fiecare dintre noi personal\u201d. El a avertizat \u00eempotriva reducerii lui Hristos la \u201cun fel de lider carismatic sau supraom\u201d, amintind de negarea divinit\u0103\u021bii lui Hristos de c\u0103tre Arius \u0219i de ap\u0103rarea de c\u0103tre Consiliu a umanit\u0103\u021bii \u0219i divinit\u0103\u021bii depline a lui Isus. \u2019Dac\u0103 Dumnezeu nu a devenit om, cum pot participa creaturile muritoare la via\u021ba Sa nemuritoare?\u201c, a \u00eentrebat papa, subliniind miza dezbaterii din secolul al IV-lea. Leon a spus c\u0103 m\u0103rturisirea de credin\u021b\u0103 de la Niceea r\u0103m\u00e2ne un fundament pentru unitatea \u00eentre cre\u0219tinii din \u00eentreaga lume. Cit\u00e2nd crezul, el a subliniat proclamarea lui Hristos ca \u201dconsubstan\u021bial cu Tat\u0103l\u201c, descriind-o ca fiind \u201do leg\u0103tur\u0103 profund\u0103 care \u00eei une\u0219te deja pe to\u021bi cre\u0219tinii\u201c. Cit\u00e2ndu-l pe Sf\u00e2ntul Augustin, el a ad\u0103ugat: \u201dDe\u0219i noi, cre\u0219tinii, suntem mul\u021bi, \u00een singurul Hristos suntem una\u201c. Un cre\u0219tinism reconciliat, a continuat el, poate \u201ddepune o m\u0103rturie credibil\u0103 a Evangheliei\u201c \u0219i poate oferi \u201do proclamare a speran\u021bei pentru to\u021bi\u201c. Papa \u0219i-a extins, de asemenea, apelul la fraternitate dincolo de lumea cre\u0219tin\u0103, insist\u00e2nd c\u0103 recunoa\u0219terea autentic\u0103 a lui Dumnezeu ca Tat\u0103 necesit\u0103 onorarea tuturor oamenilor ca fra\u021bi \u0219i surori. El a avertizat \u00eempotriva folosirii religiei \u201dpentru a justifica r\u0103zboiul, violen\u021ba sau orice form\u0103 de fundamentalism sau fanatism\u201c \u0219i a f\u0103cut apel \u00een schimb la \u201d\u00eent\u00e2lnire fratern\u0103, dialog \u0219i cooperare\u201c. Programul Papei Leon \u00een Turcia include o serie de evenimente ecumenice, printre care semnarea unei declara\u021bii comune cu Patriarhul Bartolomeu I pe 29 noiembrie la Palatul Patriarhal. C\u0103l\u0103toria sa are \u0219i o dimensiune interreligioas\u0103. \u00cen cursul zilei de vineri, Papa s-a \u00eent\u00e2lnit cu rabinul \u0219ef al Turciei, discut\u00e2nd despre vizit\u0103 ca despre un semn de pace \u0219i de sprijin pentru toate comunit\u0103\u021bile religioase. Programul Papei de s\u00e2mb\u0103t\u0103 include o vizit\u0103 la Moscheea Sultan Ahmed. Urm\u0103ri\u021bi blogul CNA LIVE al primei c\u0103l\u0103torii apostolice a Papei Leon al XIV-lea \u00een T\u00fcrkiye (Turcia) \u0219i Liban. Acest articol a fost publicat ini\u021bial de CNA. Primi\u021bi cele mai importante \u0219tiri de la EWTN Vatican prin WhatsApp. A devenit din ce \u00een ce mai dificil s\u0103 vede\u021bi \u0219tiri catolice pe social media. Abona\u021bi-v\u0103 ast\u0103zi la canalul nostru gratuit EWTN Vatican pe WhatsApp Elias Turk Dori\u021bi s\u0103 primi\u021bi cele mai recente actualiz\u0103ri despre Pap\u0103 \u0219i Vatican Primi\u021bi articole \u0219i actualiz\u0103ri din Newsletterul EWTN. Mai multe \u0219tiri legate de acest articol Carlo Acutis \u0219i cei patru papi \u0218tirile Vaticanului: Papa Leon r\u0103spunde la greva bisericii din Gaza Papa Francisc la Forumul Economic Mondial: IA trebuie s\u0103 serveasc\u0103 demnitatea uman\u0103, nu s\u0103 o \u00eencalce Ziua Mondial\u0103 a Tineretului 2023 Recapitulare: Un mesaj de speran\u021b\u0103 Papa Francisc se adreseaz\u0103 arti\u0219tilor, inclusiv creatorului fotografiei blasfemiatoare a crucifixului C\u0103l\u0103toria epic\u0103 a Papei Francisc \u00een Asia \u0219i Oceania: Un tur de 12 zile prin patru \u021b\u0103ri<\/p>\n<p><em>Surs\u0103: <a href=\"https:\/\/ewtnvatican.com\/articles\/1700th-anniversary-nicaea\" target=\"_blank\" rel=\"noopener noreferrer\">https:\/\/ewtnvatican.com\/articles\/1700th-anniversary-nicaea<\/a><\/em><\/p>","protected":false},"excerpt":{"rendered":"<p>Papa Leon al XIV-lea: aniversarea Niceei, \u00eendeamn\u0103 cre\u0219tinii s\u0103 dep\u0103\u0219easc\u0103 diviziunile Papa Leon al XIV-lea a comemorat vineri cea de-a 1700-a aniversare a Primului Conciliu de la Niceea, \u00een ora\u0219ul turc cunoscut istoric drept locul de na\u0219tere al Crezului de la Niceea, \u00eendemn\u00e2nd cre\u0219tinii s\u0103 dep\u0103\u0219easc\u0103 \u201cscandalul diviziunilor\u201d \u0219i s\u0103 \u00ee\u0219i re\u00eennoiasc\u0103 angajamentul fa\u021b\u0103 de unitate. Papa [...]<\/p>","protected":false},"author":26,"featured_media":3997,"comment_status":"open","ping_status":"open","sticky":false,"template":"","format":"standard","meta":{"footnotes":""},"categories":[12],"tags":[],"class_list":["post-3998","post","type-post","status-publish","format-standard","has-post-thumbnail","hentry","category-vatican"],"_links":{"self":[{"href":"https:\/\/ewtnromania.com\/ro\/wp-json\/wp\/v2\/posts\/3998","targetHints":{"allow":["GET"]}}],"collection":[{"href":"https:\/\/ewtnromania.com\/ro\/wp-json\/wp\/v2\/posts"}],"about":[{"href":"https:\/\/ewtnromania.com\/ro\/wp-json\/wp\/v2\/types\/post"}],"author":[{"embeddable":true,"href":"https:\/\/ewtnromania.com\/ro\/wp-json\/wp\/v2\/users\/26"}],"replies":[{"embeddable":true,"href":"https:\/\/ewtnromania.com\/ro\/wp-json\/wp\/v2\/comments?post=3998"}],"version-history":[{"count":0,"href":"https:\/\/ewtnromania.com\/ro\/wp-json\/wp\/v2\/posts\/3998\/revisions"}],"wp:featuredmedia":[{"embeddable":true,"href":"https:\/\/ewtnromania.com\/ro\/wp-json\/wp\/v2\/media\/3997"}],"wp:attachment":[{"href":"https:\/\/ewtnromania.com\/ro\/wp-json\/wp\/v2\/media?parent=3998"}],"wp:term":[{"taxonomy":"category","embeddable":true,"href":"https:\/\/ewtnromania.com\/ro\/wp-json\/wp\/v2\/categories?post=3998"},{"taxonomy":"post_tag","embeddable":true,"href":"https:\/\/ewtnromania.com\/ro\/wp-json\/wp\/v2\/tags?post=3998"}],"curies":[{"name":"wp","href":"https:\/\/api.w.org\/{rel}","templated":true}]}}