{"id":4000,"date":"2025-11-29T06:23:33","date_gmt":"2025-11-29T06:23:33","guid":{"rendered":"https:\/\/ewtnromania.com\/ro\/2025\/11\/29\/council-of-nicaea-1700-years-of-christian-unity-amid-division-2\/"},"modified":"2025-11-29T06:23:33","modified_gmt":"2025-11-29T06:23:33","slug":"council-of-nicaea-1700-years-of-christian-unity-amid-division-2","status":"publish","type":"post","link":"https:\/\/ewtnromania.com\/ro\/2025\/11\/29\/council-of-nicaea-1700-years-of-christian-unity-amid-division-2\/","title":{"rendered":"Council of Nicaea: 1,700 years of Christian unity amid division"},"content":{"rendered":"<p>Consiliul de la Niceea: 1.700 de ani de unitate cre\u0219tin\u0103 \u00een mijlocul diviziunilor \u00cen vara anului 325 d.Hr., peste 300 de episcopi s-au reunit la Niceea - situat\u0103 \u00een nordul Turciei de ast\u0103zi - pentru a promulga un crez cre\u0219tin comun, pentru a solu\u021biona disputele hristologice ap\u0103rute \u00een urma ereziei ariene \u0219i pentru a promova unitatea \u00een Biseric\u0103. Primul conciliu ecumenic, cunoscut sub numele de Conciliul de la Niceea, este \u00eenc\u0103 acceptat ca autoritate de c\u0103tre Biserica Catolic\u0103, Biserica Ortodox\u0103 R\u0103s\u0103ritean\u0103 \u0219i multe confesiuni protestante. Credin\u021bele comune ofer\u0103 \u00eenc\u0103 un element puternic de unitate \u00eentr-un cre\u0219tinism altfel fracturat, 1 700 de ani mai t\u00e2rziu. \u00cen timpul conciliului, episcopii au stabilit formularea ini\u021bial\u0103 a Crezului de la Niceea, care este profesiunea de credin\u021b\u0103 \u00eenc\u0103 recitat\u0103 la slujba catolic\u0103, liturghiile ortodoxe \u0219i unele slujbe protestante. Consiliul a respins, de asemenea, afirma\u021biile eretice ariene conform c\u0103rora Hristos era o fiin\u021b\u0103 creat\u0103 c\u0103reia \u00eei lipsea natura divin\u0103 ve\u0219nic\u0103 \u0219i a confirmat mai degrab\u0103 c\u0103 Fiul este n\u0103scut ve\u0219nic din Tat\u0103l. Consiliul a fost convocat de \u00eemp\u0103ratul Constantin - un convertit la cre\u0219tinism - la mai pu\u021bin de 15 ani dup\u0103 ce imperiul a \u00eencetat persecu\u021bia cre\u0219tinilor \u0219i le-a acordat libertatea de a se \u00eenchina. A venit la doar 20 de ani dup\u0103 domnia \u00eemp\u0103ratului Diocle\u021bian, care i-a persecutat brutal pe cre\u0219tini pentru respingerea p\u0103g\u00e2nismului. \u201cAcest conciliu reprezint\u0103 o etap\u0103 fundamental\u0103 \u00een dezvoltarea crezului \u00eemp\u0103rt\u0103\u0219it de toate Bisericile \u0219i comunit\u0103\u021bile ecleziale\u201d, a declarat Papa Leon al XIV-lea \u00een urm\u0103 cu dou\u0103 s\u0103pt\u0103m\u00e2ni, recunosc\u00e2nd cea de-a 1.700-a aniversare. \u201c\u00cen timp ce suntem pe calea restabilirii comuniunii depline \u00eentre to\u021bi cre\u0219tinii, recunoa\u0219tem c\u0103 aceast\u0103 unitate nu poate fi dec\u00e2t unitatea \u00een credin\u021b\u0103\u201d, a spus pontiful. Scopul principal al conciliului a fost de a rezolva o \u00eentrebare major\u0103 cu privire la natura divin\u0103 a lui Hristos \u0219i de a aborda arianismul, care a fost o erezie promovat\u0103 de preotul Arius afirm\u00e2nd c\u0103 Iisus Hristos a fost o fiin\u021b\u0103 creat\u0103 \u0219i nu etern\u0103. \u201cArius a \u00eenceput s\u0103 predice ceva care a fost scandalos pentru mul\u021bi credincio\u0219i cre\u0219tini \u0219i [care] p\u0103rea incompatibil cu credin\u021ba cre\u0219tin\u0103 a\u0219a cum este m\u0103rturisit\u0103 \u00een Scriptur\u0103 \u0219i transmis\u0103 prin tradi\u021bia Bisericii\u201d, a declarat pentru CNA p\u0103rintele dominican Dominic Legge, director al Institutului Tomistic \u0219i profesor de teologie. Arius a scris \u00een \u201cThalia\u201d c\u0103 el credea c\u0103 Tat\u0103l \u201cl-a f\u0103cut pe Fiul\u201d \u0219i \u201cl-a produs ca fiu pentru el \u00eensu\u0219i prin na\u0219terea lui\u201d. El a scris c\u0103 \u201cFiul nu a fost \u00eentotdeauna [\u00een existen\u021b\u0103], pentru c\u0103 el nu a fost [\u00een existen\u021b\u0103] \u00eenainte de generarea sa\u201d. El a afirmat c\u0103 Hristos nu a fost etern, ci \u201ca venit la existen\u021b\u0103 prin voin\u021ba Tat\u0103lui\u201d. Arius a contestat faptul c\u0103 Hristos \u201cnu este adev\u0103ratul Dumnezeu\u201d, ci a fost mai degrab\u0103 \u201cf\u0103cut Dumnezeu prin participare\u201d. Legge a spus c\u0103 Arius a \u00een\u021beles c\u0103 \u201cexist\u0103 un decalaj infinit \u00eentre Dumnezeu \u0219i creaturi\u201d, dar unde a gre\u0219it a fost c\u0103 \u201cel a crezut c\u0103 Fiul se afla pe partea \u2018creaturii\u2019 a acestui decalaj\u201d \u0219i \u201cnu era egal \u00een divinitate cu Dumnezeu\u201d. \u201cPrin urmare, el l-a considerat a fi cea mai \u00eenalt\u0103 creatur\u0103\u201d, a ad\u0103ugat Legge. \u201cPrima creatur\u0103, dar totu\u0219i o creatur\u0103\u201d. Legge a spus c\u0103 la Niceea a existat \u201cun consens al episcopilor cu abord\u0103ri foarte diferite ale misterului lui Dumnezeu \u0219i ei au putut vedea c\u0103 Arius trebuia s\u0103 se \u00een\u0219ele \u0219i astfel l-au condamnat \u0219i au afirmat c\u0103 Fiul este \u2018Dumnezeu din Dumnezeu, Dumnezeu adev\u0103rat din Dumnezeu adev\u0103rat\u2019\u201d. Limbajul adoptat la Niceea l-a contrazis \u00een mod expres pe Arius, afirm\u00e2nd c\u0103 Hristos este \u201cDumnezeu adev\u0103rat din Dumnezeu adev\u0103rat, n\u0103scut, nu f\u0103cut, de o substan\u021b\u0103 cu Tat\u0103l\u201d. Aceasta a condamnat punctul de vedere al lui Arius ca erezie. Votul a fost aproape unanim, mai mult de 300 de episcopi vot\u00e2nd \u00een favoarea acestui text \u0219i doar doi fiind de partea lui Arius. Sf\u00e2ntul Atanasie, unul dintre cei mai deschi\u0219i oponen\u021bi ai arianismului la conciliu \u0219i dup\u0103 acesta, a scris \u00een primul s\u0103u Discurs \u00eempotriva arienilor la mijlocul secolului al IV-lea c\u0103 \u2019Scripturile declar\u0103 eternitatea Fiului\u201c. Atanasie noteaz\u0103, de exemplu, c\u0103 Evanghelia Sf\u00e2ntului Ioan afirm\u0103 c\u0103 \u201dla \u00eenceput era Cuv\u00e2ntul, \u0219i Cuv\u00e2ntul era cu Dumnezeu, \u0219i Cuv\u00e2ntul era Dumnezeu\u201c. El citeaz\u0103, de asemenea, capitolul 8 al aceleia\u0219i Evanghelii \u00een care Hristos declar\u0103 \u201d\u00eenainte ca Avraam s\u0103 fi fost, Eu sunt\u201c, invoc\u00e2nd numele divin folosit de Dumnezeu pentru a indica eternitatea Sa atunci c\u00e2nd i s-a ar\u0103tat lui Moise sub forma tufi\u0219ului aprins. \u201dDomnul \u00eensu\u0219i spune: \u201cEu sunt Adev\u0103rul\u2018, nu \u2019Eu am devenit Adev\u0103rul\u2018, ci \u00eentotdeauna: \u2019Eu sunt - Eu sunt P\u0103storul - Eu sunt Lumina\u2018 - \u0219i din nou: \u2018Nu m\u0103 numi\u021bi, Doamne \u0219i St\u0103p\u00e2n? \u0218i m\u0103 numi\u021bi bine, c\u0103ci a\u0219a sunt\u2018\u2018, a scris Atanasie. \u201dCine, auzind un astfel de limbaj de la Dumnezeu, \u0219i \u00cen\u021belepciunea, \u0219i Cuv\u00e2ntul Tat\u0103lui, vorbind despre Sine, va mai ezita cu privire la adev\u0103r, \u0219i nu va crede imediat c\u0103 \u00een fraza \u201cEu sunt\u2018 este \u00eensemnat faptul c\u0103 Fiul este etern \u0219i f\u0103r\u0103 \u00eenceput?\u2018 Legge a notat c\u0103 Atanasie a avertizat, de asemenea, c\u0103 pozi\u021bia lui Arius \u201damenin\u021ba adev\u0103rul central al cre\u0219tinismului c\u0103 Dumnezeu a devenit om pentru m\u00e2ntuirea noastr\u0103\u2019. Unificarea Bisericii \u00een secolul al IV-lea \u00cenainte de Conciliul de la Niceea, episcopii din Biseric\u0103 au \u021binut multe sinoade \u0219i concilii pentru a rezolva disputele ap\u0103rute \u00een cadrul cre\u0219tinismului. Printre acestea se num\u0103r\u0103 Conciliul de la Ierusalim, care a fost un consiliu apostolic detaliat \u00een Fapte 15, \u0219i multe consilii locale care nu reprezentau \u00eentreaga Biseric\u0103. Consiliile regionale \u201cau un fel de autoritate obligatorie - dar nu sunt globale\u201d, potrivit lui Thomas Clemmons, profesor de istoria Bisericii la Universitatea Catolic\u0103 din America. C\u00e2nd Imperiul Roman \u0219i-a oprit persecu\u021bia cre\u0219tin\u0103 \u0219i \u00eemp\u0103ratul Constantin s-a convertit la credin\u021b\u0103, acest lucru a permis \u201coportunitatea de a avea un consiliu ecumenic mai larg\u201d, a declarat Clemmons pentru CNA. Constantin a \u00eembr\u0103\u021bi\u0219at cre\u0219tinismul cu mai mult de un deceniu \u00eenainte de consiliu, de\u0219i nu a fost botezat p\u00e2n\u0103 cu c\u00e2teva momente \u00eenainte de moartea sa, \u00een 337 d.Hr. Constantin a v\u0103zut o nevoie de \u201cun anumit sentiment de unitate\u201d, a spus el, \u00eentr-o perioad\u0103 cu dispute teologice, dezbateri cu privire la data Pa\u0219telui, conflicte cu privire la jurisdic\u021biile episcopale \u0219i probleme de drept canonic. \u201cRolul s\u0103u a fost de a unifica \u0219i de a avea [aceste] alte probleme rezolvate\u201d, a spus Clemmons. C\u0103utarea unit\u0103\u021bii a contribuit la apari\u021bia Crezului de la Niceea, despre care Clemmons a spus c\u0103 \u201cajut\u0103 la clarificarea a ceea ce limbajul scriptural mai familiar nu face\u201d. Nici consiliul, nici crezul nu au fost adoptate universal imediat. Clemmons a observat c\u0103 a fost adoptat mai rapid \u00een Est, dar a durat mai mult \u00een Vest. Au existat mai multe \u00eencerc\u0103ri de a anula consiliul, dar Clemmons a spus c\u0103 \u201ctradi\u021bia ulterioar\u0103 este cea care \u00eel va afirma\u201d. \u201cNu \u0219tiu dac\u0103 semnifica\u021bia sa a fost \u00een\u021beleas\u0103 [la acea vreme]\u201d, a spus el. Disputa dintre arieni \u0219i ap\u0103r\u0103torii de la Niceea a fost tensionat\u0103 pentru urm\u0103toarea jum\u0103tate de secol, unii \u00eemp\u0103ra\u021bi sus\u021bin\u00e2nd crezul, iar al\u021bii sus\u021bin\u00e2nd arianismul. \u00cen cele din urm\u0103, a spus Clemmons, crezul \u201cconvinge oamenii pe parcursul mai multor decenii, dar f\u0103r\u0103 aplicarea imperial\u0103 la care te-ai a\u0219tepta\u201d. Abia \u00een 380, \u00eemp\u0103ratul Teodosie a declarat c\u0103 cre\u0219tinismul niceean este religia oficial\u0103 a Imperiului Roman. Un an mai t\u00e2rziu, la Primul Conciliu de la Constantinopol, Biserica a reafirmat Conciliul de la Niceea \u0219i a actualizat Crezul de la Niceea prin ad\u0103ugarea unui text despre Duhul Sf\u00e2nt \u0219i Biseric\u0103. Concep\u021bii gre\u0219ite comune Exist\u0103 c\u00e2teva concep\u021bii gre\u0219ite proeminente despre Conciliul de la Niceea care sunt r\u0103sp\u00e2ndite \u00een societatea modern\u0103. Clemmons a spus c\u0103 afirma\u021bia conform c\u0103reia Conciliul de la Niceea a stabilit canonul biblic \u201ceste probabil cea mai evident\u0103\u201d concep\u021bie gre\u0219it\u0103. Acest subiect nu a fost dezb\u0103tut la Niceea \u0219i consiliul nu a promulgat nicio \u00eenv\u0103\u021b\u0103tur\u0103 pe aceast\u0103 tem\u0103. O alt\u0103 concep\u021bie gre\u0219it\u0103, a observat el, este ideea c\u0103 conciliul a stabilit Biserica \u0219i papalitatea. Func\u021biile episcopale, inclusiv cea a papei (episcopul Romei), erau deja \u00een vigoare \u0219i func\u021bionau cu mult \u00eenainte de Niceea, de\u0219i conciliul a rezolvat unele dispute jurisdic\u021bionale. Alte concep\u021bii gre\u0219ite, potrivit lui Clemmons, este o afirmat\u0103 \u201cnoutate\u201d a procesului \u0219i a \u00eenv\u0103\u021b\u0103turilor. El a men\u021bionat c\u0103 episcopii se adunau adesea \u00een consilii locale \u0219i c\u0103 \u00eenv\u0103\u021b\u0103turile definite la Niceea erau pur \u0219i simplu \u201cconfirmarea credin\u021bei Bisericii primare\u201d. Urm\u0103ri\u021bi prima c\u0103l\u0103torie apostolic\u0103 a Papei Leon al XIV-lea \u00een T\u00fcrkiye (Turcia) \u0219i Liban Acest articol CNA a fost publicat pentru prima dat\u0103 pe 5 iunie 2025 \u0219i a fost actualizat. Primi\u021bi cele mai importante \u0219tiri de la EWTN Vatican prin WhatsApp. A devenit din ce \u00een ce mai dificil s\u0103 vezi \u0219tiri catolice pe social media. Abona\u021bi-v\u0103 ast\u0103zi la canalul nostru gratuit EWTN Vatican pe WhatsApp Tyler Arnold Dori\u021bi s\u0103 primi\u021bi cele mai recente actualiz\u0103ri despre Pap\u0103 \u0219i Vatican Primi\u021bi articole \u0219i actualiz\u0103ri din Newsletterul EWTN. Mai multe \u0219tiri legate de acest articol \u00cen caz c\u0103 l-a\u021bi ratat: Unele dintre cele mai bune momente ale Jubileului Tinerilor Aceasta este inten\u021bia de rug\u0103ciune a Papei Francisc pentru luna ianuarie Colegiul Cardinalilor \u00een 2023: 11 cardinali vor \u00eemplini 80 de ani Predicatorul Papei \u00een Sinagog\u0103 Cardinalii Italiei \u00een Conclavul din 2025: Cine sunt ei? \u0218tiri de la Vatican: S\u0103n\u0103tatea Papei Francisc, apelul Ucrainei \u0219i multe altele<\/p>\n<p><em>Surs\u0103: <a href=\"https:\/\/ewtnvatican.com\/articles\/council-nicaea-1700-years-later\" target=\"_blank\" rel=\"noopener noreferrer\">https:\/\/ewtnvatican.com\/articles\/council-nicaea-1700-years-later<\/a><\/em><\/p>","protected":false},"excerpt":{"rendered":"<p>Conciliul de la Niceea: 1 700 de ani de unitate cre\u0219tin\u0103 \u00een mijlocul diviziunilor \u00cen vara anului 325 d.Hr., peste 300 de episcopi s-au reunit la Niceea - situat\u0103 \u00een nordul Turciei de ast\u0103zi - pentru a promulga un crez cre\u0219tin comun, a solu\u021biona disputele hristologice ap\u0103rute \u00een urma ereziei ariene \u0219i a promova unitatea \u00een Biseric\u0103. Primul conciliu ecumenic, [...]<\/p>","protected":false},"author":26,"featured_media":3999,"comment_status":"open","ping_status":"open","sticky":false,"template":"","format":"standard","meta":{"footnotes":""},"categories":[12],"tags":[],"class_list":["post-4000","post","type-post","status-publish","format-standard","has-post-thumbnail","hentry","category-vatican"],"_links":{"self":[{"href":"https:\/\/ewtnromania.com\/ro\/wp-json\/wp\/v2\/posts\/4000","targetHints":{"allow":["GET"]}}],"collection":[{"href":"https:\/\/ewtnromania.com\/ro\/wp-json\/wp\/v2\/posts"}],"about":[{"href":"https:\/\/ewtnromania.com\/ro\/wp-json\/wp\/v2\/types\/post"}],"author":[{"embeddable":true,"href":"https:\/\/ewtnromania.com\/ro\/wp-json\/wp\/v2\/users\/26"}],"replies":[{"embeddable":true,"href":"https:\/\/ewtnromania.com\/ro\/wp-json\/wp\/v2\/comments?post=4000"}],"version-history":[{"count":0,"href":"https:\/\/ewtnromania.com\/ro\/wp-json\/wp\/v2\/posts\/4000\/revisions"}],"wp:featuredmedia":[{"embeddable":true,"href":"https:\/\/ewtnromania.com\/ro\/wp-json\/wp\/v2\/media\/3999"}],"wp:attachment":[{"href":"https:\/\/ewtnromania.com\/ro\/wp-json\/wp\/v2\/media?parent=4000"}],"wp:term":[{"taxonomy":"category","embeddable":true,"href":"https:\/\/ewtnromania.com\/ro\/wp-json\/wp\/v2\/categories?post=4000"},{"taxonomy":"post_tag","embeddable":true,"href":"https:\/\/ewtnromania.com\/ro\/wp-json\/wp\/v2\/tags?post=4000"}],"curies":[{"name":"wp","href":"https:\/\/api.w.org\/{rel}","templated":true}]}}