{"id":4020,"date":"2025-11-28T11:41:11","date_gmt":"2025-11-28T11:41:11","guid":{"rendered":"https:\/\/ewtnromania.com\/ro\/2025\/11\/28\/pope-leos-december-intention-christians-in-conflict-2\/"},"modified":"2025-11-28T11:41:11","modified_gmt":"2025-11-28T11:41:11","slug":"pope-leos-december-intention-christians-in-conflict-2","status":"publish","type":"post","link":"https:\/\/ewtnromania.com\/ro\/2025\/11\/28\/pope-leos-december-intention-christians-in-conflict-2\/","title":{"rendered":"Pope Leo\u2019s December Intention: Christians in Conflict"},"content":{"rendered":"<p>Pope Leo\u2019s prayer intention for December: for Christians in areas of war or conflict Pope Leo XIV\u2019s prayer intention for December is for Christians living amidst war or conflict, especially in the Middle East: \u201cLet us pray that Christians living in areas of war or conflict, especially in the Middle East, might be seeds of peace, reconciliation, and hope,\u201d the Holy Father said in a video released Nov. 25 by the Pope\u2019s Worldwide Prayer Network. Father Crist\u00f3bal Fones, international director of the Pope&#8217;s Worldwide Prayer Network, emphasized that Leo XIV&#8217;s request &#8220;is a gesture of closeness and hope: a way of saying to the Christians of Palestine, Lebanon, Syria, Iraq, and so many other countries that they are not forgotten, that the universal Church walks with them; but also to remind us all that faith grows even in the midst of trials, and that seeds of reconciliation and peace can be born from wounded communities.&#8221; Below is the prayer that Pope Leo XIV encourages us to pray this December: God of peace,who through the blood of Your Sonhas reconciled the world to Yourself,today we pray for Christiansliving amidst wars and violence. Even surrounded by pain, may theynever cease to feel the gentle kindness of your presenceand the prayers of their brothers and sisters in faith. For only through You, and strengthened by fraternal bonds,can they become the seeds of reconciliation,builders of hope in ways both small and great,capable of forgiving and moving forward,of bridging divides,and of seeking justice with mercy. Lord Jesus, who called blessedthose who work for peace,make us Your instruments of peaceeven where harmony seems impossible. Holy Spirit,source of hope in the darkest times,sustain the faith of those who suffer and strengthen their hope.Do not let us fall into indifference,and make us builders of unity, like Jesus. This story was first published by ACI Prensa, CNA\u2019s Spanish-language news partner. It has been translated and adapted by CNA. Receive the most important news from EWTN Vatican via WhatsApp. It has become increasingly difficult to see Catholic news on social media. Subscribe to our free channel today EWTN Vatican on WhatsApp Walter S\u00e1nchez Silva Would you like to receive the latest updates on the Pope and the Vatican Receive articles and updates from our EWTN Newsletter. More news related to this article Pope Francis to Roman Curia, &#8220;We are in danger, undermined by elegant demons&#8221; What is being discussed during the first week of the Synod on Synodality? Pope Francis in Venice Vaticano Updates: the latest news from Pope Francis and the Vatican Why is June the month of the Sacred Heart of Jesus? Pope Francis to travel to Indonesia, Singapore, East Timor, and Papua New Guinea<\/p>\n<p><em>Surs\u0103: <a href=\"https:\/\/ewtnvatican.com\/articles\/pope-leo-december-prayer-intention-christians-conflict\" target=\"_blank\" rel=\"noopener noreferrer\">https:\/\/ewtnvatican.com\/articles\/pope-leo-december-prayer-intention-christians-conflict<\/a><\/em><\/p>","protected":false},"excerpt":{"rendered":"<p>Inten\u021bia de rug\u0103ciune a Papei Leon pentru luna decembrie: pentru cre\u0219tinii din zonele de r\u0103zboi sau conflict Inten\u021bia de rug\u0103ciune a Papei Leon al XIV-lea pentru luna decembrie este pentru cre\u0219tinii care tr\u0103iesc \u00een mijlocul r\u0103zboiului sau conflictului, \u00een special \u00een Orientul Mijlociu: \u201cS\u0103 ne rug\u0103m ca cre\u0219tinii care tr\u0103iesc \u00een zone de r\u0103zboi sau conflict, \u00een special \u00een Orientul Mijlociu, s\u0103 fie semin\u021be de [...]<\/p>","protected":false},"author":26,"featured_media":4019,"comment_status":"open","ping_status":"open","sticky":false,"template":"","format":"standard","meta":{"footnotes":""},"categories":[12],"tags":[],"class_list":["post-4020","post","type-post","status-publish","format-standard","has-post-thumbnail","hentry","category-vatican"],"_links":{"self":[{"href":"https:\/\/ewtnromania.com\/ro\/wp-json\/wp\/v2\/posts\/4020","targetHints":{"allow":["GET"]}}],"collection":[{"href":"https:\/\/ewtnromania.com\/ro\/wp-json\/wp\/v2\/posts"}],"about":[{"href":"https:\/\/ewtnromania.com\/ro\/wp-json\/wp\/v2\/types\/post"}],"author":[{"embeddable":true,"href":"https:\/\/ewtnromania.com\/ro\/wp-json\/wp\/v2\/users\/26"}],"replies":[{"embeddable":true,"href":"https:\/\/ewtnromania.com\/ro\/wp-json\/wp\/v2\/comments?post=4020"}],"version-history":[{"count":0,"href":"https:\/\/ewtnromania.com\/ro\/wp-json\/wp\/v2\/posts\/4020\/revisions"}],"wp:featuredmedia":[{"embeddable":true,"href":"https:\/\/ewtnromania.com\/ro\/wp-json\/wp\/v2\/media\/4019"}],"wp:attachment":[{"href":"https:\/\/ewtnromania.com\/ro\/wp-json\/wp\/v2\/media?parent=4020"}],"wp:term":[{"taxonomy":"category","embeddable":true,"href":"https:\/\/ewtnromania.com\/ro\/wp-json\/wp\/v2\/categories?post=4020"},{"taxonomy":"post_tag","embeddable":true,"href":"https:\/\/ewtnromania.com\/ro\/wp-json\/wp\/v2\/tags?post=4020"}],"curies":[{"name":"wp","href":"https:\/\/api.w.org\/{rel}","templated":true}]}}