{"id":4399,"date":"2026-04-23T09:02:58","date_gmt":"2026-04-23T09:02:58","guid":{"rendered":"https:\/\/ewtnromania.com\/ro\/2026\/04\/23\/cardinals-in-rome-remember-pope-francis-as-missionary-to-all-1-year-after-death\/"},"modified":"2026-04-23T09:02:58","modified_gmt":"2026-04-23T09:02:58","slug":"cardinals-in-rome-remember-pope-francis-as-missionary-to-all-1-year-after-death","status":"publish","type":"post","link":"https:\/\/ewtnromania.com\/ro\/2026\/04\/23\/cardinals-in-rome-remember-pope-francis-as-missionary-to-all-1-year-after-death\/","title":{"rendered":"Cardinalii din Roma \u00ee\u0219i amintesc de Papa Francisc ca de un misionar pentru to\u021bi, la un an de la moartea sa"},"content":{"rendered":"<p>Papa Leon al XIV-lea, care c\u0103l\u0103tore\u0219te \u00een Africa, a trimis un mesaj care va fi citit la slujba de comemorare a primei anivers\u0103ri a mor\u021bii Papei Francisc.<\/p>\n<p>Roma a comemorat mo\u0219tenirea Papei Francisc la un an de la moartea sa printr-o slujb\u0103 mar\u021bi la Bazilica Sf\u00e2nta Maria Major\u0103, unde este \u00eenmorm\u00e2ntat ultimul suveran pontif.<\/p>\n<p>\u00cen aceea\u0219i zi, \u00een timp ce se \u00eendrepta spre Guineea Ecuatorial\u0103 pentru a-\u0219i \u00eencheia c\u0103l\u0103toria \u00een Africa, Papa Leon al XIV-lea \u0219i-a amintit de Papa Francisc la prima aniversare a mor\u021bii sale, subliniind \u201csolidaritatea predecesorului s\u0103u cu cei mai s\u0103raci, cei mai vulnerabili, bolnavii, copiii \u0219i b\u0103tr\u00e2nii\u201d.\u201d<\/p>\n<p>Cardinalul Rolandas Makrickas, arhip\u0103stor al Bazilicii Sf\u00e2nta Maria Major\u0103, strope\u0219te cu ap\u0103 sfin\u021bit\u0103 morm\u00e2ntul Papei Francisc la bazilica men\u021bionat\u0103 mai sus din Roma pe 21 aprilie 2026. | Credit: Daniel Ibanez\/EWTN News<\/p>\n<p>Cardinalul Giovanni Battista Re, decan al Colegiului Cardinalilor, a celebrat Sf\u00e2nta Liturghie \u00eempreun\u0103 cu al\u021bi cardinali \u0219i clerici reziden\u021bi la Roma. \u00cen cadrul Sfintei Liturghii, el a citit mesajul lui Leon, \u00een care papa a reamintit zelul misionar al lui Francisc.<\/p>\n<p>\u201cEl a fost, de asemenea, un misionar, proclam\u00e2nd Evanghelia milei \u2018tuturor, tuturor, tuturor\u2019\u201d, a scris Leo. \u201c\u00cen armonie cu predecesorii s\u0103i, el a preluat mo\u0219tenirea Conciliului Vatican II \u0219i a \u00eendemnat Biserica s\u0103 fie deschis\u0103 la misiune, un gardian al speran\u021bei lumii, pasionat de proclamarea acelei Evanghelii care este capabil\u0103 s\u0103 ofere fiec\u0103rei vie\u021bi \u00eemplinire \u0219i fericire\u201d.\u201d<\/p>\n<p>Cardinalul Giovanni Battista Re, decanul Colegiului Cardinalilor, predic\u0103 la Liturghia pentru prima aniversare a mor\u021bii Papei Francisc la Bazilica Sf\u00e2nta Maria Major\u0103 din Roma pe 21 aprilie 2026. | Credit: Daniel Ibanez\/EWTN News<\/p>\n<p>Re a descris mesajul lui Leo drept o invita\u021bie de a p\u0103stra mo\u0219tenirea Papei Francisc, \u00eenr\u0103d\u0103cinat\u0103 \u00een \u201c\u00eendemnul s\u0103u de a construi pun\u021bi \u0219i nu ziduri\u201d.\u201d<\/p>\n<p>\u201cInima acestui mesaj mi se pare o invita\u021bie vibrant\u0103 de a p\u0103stra mo\u0219tenirea spiritual\u0103 a regretatului Pap\u0103 Francisc. O mo\u0219tenire rezumat\u0103, a\u0219a cum am auzit, prin c\u00e2teva dintre frazele sale cheie: \u2018bucuria Evangheliei\u2019, \u2018mila lui Dumnezeu\u2019, \u2018mirosul oilor\u2019\u201d, a spus Re.<\/p>\n<p>O plac\u0103 special\u0103 care comemoreaz\u0103 vizitele Papei Francisc la icoana marian\u0103 \u201cSalus Populi Romani\u201d este expus\u0103 la Bazilica Sf\u00e2nta Maria Mare din Roma pe 21 aprilie 2026. | Credit: Daniel Ibanez\/EWTN News<\/p>\n<p>\u00cenainte de Sf\u00e2nta Liturghie, a fost binecuv\u00e2ntat\u0103 \u0219i dezvelit\u0103 o plac\u0103 special\u0103 pentru a comemora numeroasele vizite ale lui Francisc la Bazilica Sf\u00e2nta Maria Major\u0103. \u00cen timpul vie\u021bii sale, Francisc a vizitat frecvent bazilica pentru a venera icoana marian\u0103 \u2019Salus Populi Romani\u201c \u0219i \u0219i-a exprimat dorin\u021ba de a fi \u00eenmorm\u00e2ntat \u00een biseric\u0103, l\u00e2ng\u0103 icoan\u0103.<\/p>\n<p>La Sf\u00e2nta Liturghie au participat, de asemenea, mai mul\u021bi ambasadori acredita\u021bi pe l\u00e2ng\u0103 Sf\u00e2ntul Scaun, inclusiv ambasadorul irlandez Frances Collins \u0219i ambasadorul american Brian Burch.<\/p>\n<p>Dup\u0103 Sf\u00e2nta Liturghie, to\u021bi cardinalii au mers la morm\u00e2ntul lui Francisc pentru rug\u0103ciunea final\u0103, rostit\u0103 de cardinalul Rolandas Makrickas, arhip\u0103storul bazilicii.<\/p>\n<p>\u00cendemn\u00e2ndu-l pe regretatul pontif la mila lui Dumnezeu, Makrickas a amintit c\u0103 \u201csperan\u021ba nu dezam\u0103ge\u0219te\u201d, un omagiu adus bulei papale cu care Francisc a inaugurat Anul Jubiliar 2025, care a atras peste 20 de milioane de oameni la Sf\u00e2nta Maria Mare \u0219i la morm\u00e2ntul s\u0103u.<\/p>\n<p>Acest articol a fost publicat ini\u021bial de EWTN News English.<\/p>\n<p><em>Surs\u0103: <a href=\"https:\/\/ewtnvatican.com\/articles\/cardinals-in-rome-remember-pope-francis-as-missionary-to-all-1-year-after-death\" target=\"_blank\" rel=\"noopener noreferrer\">https:\/\/ewtnvatican.com\/articles\/cardinals-in-rome-remember-pope-francis-as-missionary-to-all-1-year-after-death<\/a><\/em><\/p>","protected":false},"excerpt":{"rendered":"<p>Papa Leon al XIV-lea, care c\u0103l\u0103tore\u0219te \u00een Africa, a trimis un mesaj care urmeaz\u0103 s\u0103 fie citit la slujba de comemorare a primei anivers\u0103ri a mor\u021bii Papei Francisc. Roma a rememorat mo\u0219tenirea Papei Francisc la un an de la moartea sa printr-o slujb\u0103 mar\u021bi la Bazilica Sf\u00e2nta Maria Major\u0103, unde este \u00eenmorm\u00e2ntat regretatul pontif. Aceea\u0219i [...]<\/p>","protected":false},"author":26,"featured_media":4398,"comment_status":"open","ping_status":"open","sticky":false,"template":"","format":"standard","meta":{"footnotes":""},"categories":[12],"tags":[],"class_list":["post-4399","post","type-post","status-publish","format-standard","has-post-thumbnail","hentry","category-vatican"],"_links":{"self":[{"href":"https:\/\/ewtnromania.com\/ro\/wp-json\/wp\/v2\/posts\/4399","targetHints":{"allow":["GET"]}}],"collection":[{"href":"https:\/\/ewtnromania.com\/ro\/wp-json\/wp\/v2\/posts"}],"about":[{"href":"https:\/\/ewtnromania.com\/ro\/wp-json\/wp\/v2\/types\/post"}],"author":[{"embeddable":true,"href":"https:\/\/ewtnromania.com\/ro\/wp-json\/wp\/v2\/users\/26"}],"replies":[{"embeddable":true,"href":"https:\/\/ewtnromania.com\/ro\/wp-json\/wp\/v2\/comments?post=4399"}],"version-history":[{"count":0,"href":"https:\/\/ewtnromania.com\/ro\/wp-json\/wp\/v2\/posts\/4399\/revisions"}],"wp:featuredmedia":[{"embeddable":true,"href":"https:\/\/ewtnromania.com\/ro\/wp-json\/wp\/v2\/media\/4398"}],"wp:attachment":[{"href":"https:\/\/ewtnromania.com\/ro\/wp-json\/wp\/v2\/media?parent=4399"}],"wp:term":[{"taxonomy":"category","embeddable":true,"href":"https:\/\/ewtnromania.com\/ro\/wp-json\/wp\/v2\/categories?post=4399"},{"taxonomy":"post_tag","embeddable":true,"href":"https:\/\/ewtnromania.com\/ro\/wp-json\/wp\/v2\/tags?post=4399"}],"curies":[{"name":"wp","href":"https:\/\/api.w.org\/{rel}","templated":true}]}}