{"id":4454,"date":"2026-04-26T18:54:19","date_gmt":"2026-04-26T18:54:19","guid":{"rendered":"https:\/\/ewtnromania.com\/ro\/2026\/04\/26\/pope-leo-travels-the-world-in-the-footsteps-of-modern-popes\/"},"modified":"2026-04-26T18:54:19","modified_gmt":"2026-04-26T18:54:19","slug":"pope-leo-travels-the-world-in-the-footsteps-of-modern-popes","status":"publish","type":"post","link":"https:\/\/ewtnromania.com\/ro\/2026\/04\/26\/pope-leo-travels-the-world-in-the-footsteps-of-modern-popes\/","title":{"rendered":"Papa Leon c\u0103l\u0103tore\u0219te \u00een lume pe urmele papilor moderni"},"content":{"rendered":"<p>\u201c...\u00cen timpul c\u0103l\u0103toriilor sale apostolice, Papa apare \u00een fa\u021ba tuturor ca un mesager al p\u0103cii: c\u0103l\u0103toriile sale sunt ceea ce ar trebui s\u0103 fie \u00eentotdeauna - pun\u021bi de dialog, \u00eent\u00e2lnire \u0219i fraternitate.\u201d<\/p>\n<p>Cu aceste cuvinte, Papa Leon al XIV-lea a dat tonul la ceea ce devine rapid o caracteristic\u0103 definitorie a pontificatului s\u0103u: o Biseric\u0103 care se deplaseaz\u0103, se \u00eent\u00e2lne\u0219te \u0219i \u00eembr\u0103\u021bi\u0219eaz\u0103. Adres\u00e2ndu-se delega\u021biei portdrapelului italian care \u00eel \u00eenso\u021be\u0219te pe tot globul, Papa \u0219i-a \u00eencadrat c\u0103l\u0103toriile nu ca simple vizite diplomatice, ci ca semne vii ale unit\u0103\u021bii - pun\u021bi care traverseaz\u0103 culturi, na\u021biuni \u0219i credin\u021be.<\/p>\n<p>C\u0103l\u0103toriile papale ale papilor moderni<\/p>\n<p>Un pontificat deja \u00een mi\u0219care<\/p>\n<p>La doar c\u00e2teva luni dup\u0103 ce a urcat pe Scaunul Sf\u00e2ntului Petru, Papa Leon al XIV-lea s-a \u00eembarcat \u00een prima sa c\u0103l\u0103torie apostolic\u0103 \u00een Turcia \u0219i Liban. Aceast\u0103 c\u0103l\u0103torie timpurie a semnalat continuitatea cu dinamismul misionar al Papei Francisc, dezv\u0103luind \u00een acela\u0219i timp contururile propriei sale viziuni pastorale.<\/p>\n<p>C\u0103l\u0103toriile sale nu sunt gesturi simbolice din dep\u0103rtare. Ele sunt \u00eentrup\u0103ri. Ele \u00eel aduc pe Succesorul lui Petru fizic \u00een locuri \u00een care Biserica este mic\u0103, fragil\u0103 sau chiar aproape invizibil\u0103.<\/p>\n<p>Dup\u0103 cum explic\u0103 Andrea Gagliarducci, corespondentul Vaticanului, experien\u021ba papalit\u0103\u021bii nu este universal\u0103 \u00een imediate\u021bea sa:<\/p>\n<p>\u201cAvem o anumit\u0103 percep\u021bie asupra Papei - \u00een special \u00een lumea occidental\u0103 - \u00een care \u00eel vedem \u00eentotdeauna, \u0219tim \u00eentotdeauna ce spune \u0219i ne sim\u021bim aproape de el \u00eentr-un fel. Dar nu este a\u0219a \u00een Turcia, unde catolicii reprezint\u0103 doar aproximativ 1% din popula\u021bie.\u201d<\/p>\n<p>\u00cen regiuni precum Turcia, Algeria sau p\u0103r\u021bi ale Africii - unde catolicii pot reprezenta o frac\u021biune din popula\u021bie - prezen\u021ba Papei devine ceva profund: o amintire tangibil\u0103 a faptului c\u0103 apar\u021bin unei Biserici universale vaste \u0219i vii.<\/p>\n<p>Puterea prezen\u021bei<\/p>\n<p>Din vremea lui Paul al VI-lea, c\u0103l\u0103toriile apostolice au devenit unul dintre cele mai puternice instrumente de evanghelizare. Papa nu vorbe\u0219te pur \u0219i simplu lumii - el iese \u00een \u00eent\u00e2mpinarea ei.<\/p>\n<p>Cardinalul Claudio Gugerotti surprinde impactul emo\u021bional \u0219i spiritual al acestor vizite:<\/p>\n<p>\u201cOamenii au nevoie de un lider spiritual. C\u00e2nd el vine s\u0103 te vad\u0103, ei simt c\u0103 exist\u0103 speran\u021b\u0103. \u0218i astfel ei vin. Exist\u0103 inunda\u021bii de oameni care vin pe str\u0103zi. \u0218ti\u021bi, au fost chiar musulmani \u00een Liban cu steagul Vaticanului \u0219i portretul Sf\u00e2ntului P\u0103rinte... Ei vor s\u0103 arate c\u0103 oaspetele este binevenit, pentru c\u0103 sunte\u021bi un om al p\u0103cii\u201d.\u201d<\/p>\n<p>Aici, papalitatea transcende grani\u021bele confesionale. Papa devine nu numai o figur\u0103 catolic\u0103, ci \u0219i un simbol universal - recunoscut chiar \u0219i de cei din afara Bisericii ca purt\u0103tor al p\u0103cii.<\/p>\n<p>O biseric\u0103 care merge \u00eenainte<\/p>\n<p>Mo\u0219tenirea mo\u0219tenit\u0103 de Papa Leon este imens\u0103. Pe parcursul a 12 ani, Papa Francisc a \u00eentreprins 47 de c\u0103l\u0103torii apostolice, vizit\u00e2nd 66 de \u021b\u0103ri \u0219i str\u0103b\u0103t\u00e2nd distan\u021be mari pentru a duce Evanghelia la marginile lumii.<\/p>\n<p>Acestea nu au fost vizite ceremoniale, ci \u201cacte concrete de evanghelizare\u201d - momente \u00een care Biserica a devenit vizibil\u0103 \u00een locuri de suferin\u021b\u0103, speran\u021b\u0103 \u0219i rezisten\u021b\u0103 lini\u0219tit\u0103.<\/p>\n<p>Papa Leon al XIV-lea p\u0103\u0219e\u0219te \u00een acela\u0219i curent, continu\u00e2nd o misiune care este \u00een acela\u0219i timp veche \u0219i urgent contemporan\u0103: s\u0103 fac\u0103 Biserica prezent\u0103 oriunde se g\u0103se\u0219te umanitatea.<\/p>\n<p>Fa\u021ba uman\u0103 a c\u0103l\u0103toriilor papale<\/p>\n<p>\u00cen spatele anvergurii \u0219i complexit\u0103\u021bii c\u0103l\u0103toriilor papale se afl\u0103 o dimensiune profund uman\u0103 - una care se dezv\u0103luie adesea \u00een momente lini\u0219tite, nespuse.<\/p>\n<p>Cardinalul George Jacob Koovakad \u00ee\u0219i aminte\u0219te de o astfel de \u00eent\u00e2lnire \u00een timpul unei c\u0103l\u0103torii \u00een Timorul de Est:<\/p>\n<p>\u201c\u00cen Dili, \u00een timpul unei \u00eent\u00e2lniri cu orfanii, am \u00eent\u00e2lnit un b\u0103iat care s-a n\u0103scut f\u0103r\u0103 bra\u021be... Dup\u0103 \u00eent\u00e2lnire, am stat aproape de Sf\u00e2ntul P\u0103rinte, iar el m-a \u00eentrebat cum - datorit\u0103 tehnologiei moderne - b\u0103iatul ar putea fi ajutat s\u0103 aib\u0103 bra\u021be. Aceast\u0103 preocupare... a r\u0103mas cu mine pentru totdeauna\u201d.\u201d<\/p>\n<p>Aceasta este inima c\u0103l\u0103toriei apostolice: nu doar s\u0103 se adreseze na\u021biunilor, ci s\u0103 observe indivizii. Nu doar proclam\u00e2nd Evanghelia, ci \u00eentruchip\u00e2nd-o \u00een acte de aten\u021bie \u0219i compasiune.<\/p>\n<p>Munca ascuns\u0103 din spatele c\u0103l\u0103toriei<\/p>\n<p>Organizarea acestor c\u0103l\u0103torii nu este o treab\u0103 u\u0219oar\u0103. Protocolul diplomatic, securitatea, logistica \u0219i coordonarea cu guvernele converg \u00eentr-o orchestra\u021bie complex\u0103.<\/p>\n<p>Dup\u0103 cum explic\u0103 cardinalul Koovakad:<\/p>\n<p>\u201cEste o munc\u0103 solicitant\u0103: implic\u0103 protocolul cu pre\u0219edintele \u021b\u0103rii, cu ministrul de externe, probleme de securitate, evenimente... Dar c\u00e2nd vine Succesorul lui Petru, ceva se schimb\u0103: se simte apropierea de credin\u021b\u0103.\u201d<\/p>\n<p>Acel \u201cceva\u201d nu poate fi fabricat. Este realitatea intangibil\u0103 a comuniunii - sentimentul c\u0103 Biserica nu este o abstrac\u021bie, ci un trup viu.<\/p>\n<p>C\u0103tre periferii - \u0219i dincolo de acestea<\/p>\n<p>Agenda de c\u0103l\u0103torie a Papei Leon al XIV-lea reflect\u0103 o apropiere deliberat\u0103 de margini, at\u00e2t geografice, c\u00e2t \u0219i spirituale.<\/p>\n<p>\u201cPeriferii geografice precum Africa, periferii ale credin\u021bei, dar \u0219i periferii care ar putea s\u0103 nu par\u0103 periferice, precum Monaco\u201d, noteaz\u0103 Gagliarducci, subliniind amploarea surprinz\u0103toare a destina\u021biilor Papei.<\/p>\n<p>Chiar \u0219i Monaco, considerat adesea mai degrab\u0103 central dec\u00e2t periferic, devine semnificativ ca \u201cultima fort\u0103rea\u021b\u0103 catolic\u0103 din Europa\u201d, ceea ce ne reaminte\u0219te c\u0103 sensul termenului \u201cperiferie\u201d nu este \u00eentotdeauna evident.<\/p>\n<p>Unele c\u0103l\u0103torii au fost planificate de mult timp, mo\u0219tenite de la Papa Francisc - cum ar fi Libanul sau o c\u0103l\u0103torie mult a\u0219teptat\u0103 \u00een Africa. Altele apar ca ini\u021biative noi, modelate de priorit\u0103\u021bile Papei Leon \u00eensu\u0219i.<\/p>\n<p>Ascultarea ca form\u0103 de vindecare<\/p>\n<p>Dac\u0103 exist\u0103 o caracteristic\u0103 definitorie a prezen\u021bei Papei Leon al XIV-lea, aceasta ar putea fi aten\u021bia sa.<\/p>\n<p>Cardinalul Gugerotti observ\u0103:<\/p>\n<p>\u201cEl este \u00eentotdeauna gata s\u0103 asculte. Ascult\u0103 foarte mult. \u0218i este foarte important pentru c\u0103 atunci c\u00e2nd oamenii care sufer\u0103 sunt asculta\u021bi, exist\u0103 un fel de... consolare care este adus\u0103 pentru c\u0103 ai fost ascultat.\u201d<\/p>\n<p>\u00centr-o lume adesea marcat\u0103 de zgomot \u0219i dezbinare, ascultarea devine un act de mil\u0103. Iar \u00een c\u0103l\u0103toriile Papei, aceast\u0103 ascultare nu este abstract\u0103 - este \u00eentrupat\u0103, fa\u021b\u0103 \u00een fa\u021b\u0103 \u0219i profund personal\u0103.<\/p>\n<p>Peste continente \u0219i culturi, o tem\u0103 r\u0103m\u00e2ne constant\u0103: oriunde merge, Papa Leon al XIV-lea este primit ca un mesager al p\u0103cii.<\/p>\n<p>C\u0103l\u0103toriile sale nu sunt simple mi\u0219c\u0103ri geografice. Ele sunt \u00eent\u00e2lniri care dezv\u0103luie Biserica a\u0219a cum este ea cu adev\u0103rat - o comuniune care se \u00eentinde peste na\u021biuni, o m\u0103rturie care ajunge la margini \u0219i o prezen\u021b\u0103 care ascult\u0103 \u00eenainte de a vorbi.<\/p>\n<p>\u00cen acest fel, fiecare c\u0103l\u0103torie apostolic\u0103 devine mai mult dec\u00e2t o vizit\u0103. Ea devine un semn: c\u0103 Biserica este vie, c\u0103 este aproape \u0219i c\u0103 merge - pas cu pas - cu lumea.<\/p>\n<p>Adaptat de Jacob Stein<\/p>\n<p><em>Surs\u0103: <a href=\"https:\/\/ewtnvatican.com\/articles\/pope-leo-travels-the-world-in-the-footsteps-of-modern-popes\" target=\"_blank\" rel=\"noopener noreferrer\">https:\/\/ewtnvatican.com\/articles\/pope-leo-travels-the-world-in-the-footsteps-of-modern-popes<\/a><\/em><\/p>","protected":false},"excerpt":{"rendered":"<p>\u201c...\u00cen timpul c\u0103l\u0103toriilor sale apostolice, Papa apare \u00een fa\u021ba tuturor ca un mesager al p\u0103cii: c\u0103l\u0103toriile sale sunt ceea ce ar trebui s\u0103 fie \u00eentotdeauna - pun\u021bi de dialog, \u00eent\u00e2lnire \u0219i fraternitate\u201d. Cu aceste cuvinte, Papa Leon al XIV-lea a dat tonul la ceea ce devine rapid o caracteristic\u0103 definitorie a pontificatului s\u0103u: o Biseric\u0103 care se deplaseaz\u0103, se \u00eent\u00e2lne\u0219te \u0219i \u00eembr\u0103\u021bi\u0219eaz\u0103. Adres\u00e2ndu-se [...]<\/p>","protected":false},"author":26,"featured_media":4453,"comment_status":"open","ping_status":"open","sticky":false,"template":"","format":"standard","meta":{"footnotes":""},"categories":[12],"tags":[],"class_list":["post-4454","post","type-post","status-publish","format-standard","has-post-thumbnail","hentry","category-vatican"],"_links":{"self":[{"href":"https:\/\/ewtnromania.com\/ro\/wp-json\/wp\/v2\/posts\/4454","targetHints":{"allow":["GET"]}}],"collection":[{"href":"https:\/\/ewtnromania.com\/ro\/wp-json\/wp\/v2\/posts"}],"about":[{"href":"https:\/\/ewtnromania.com\/ro\/wp-json\/wp\/v2\/types\/post"}],"author":[{"embeddable":true,"href":"https:\/\/ewtnromania.com\/ro\/wp-json\/wp\/v2\/users\/26"}],"replies":[{"embeddable":true,"href":"https:\/\/ewtnromania.com\/ro\/wp-json\/wp\/v2\/comments?post=4454"}],"version-history":[{"count":0,"href":"https:\/\/ewtnromania.com\/ro\/wp-json\/wp\/v2\/posts\/4454\/revisions"}],"wp:featuredmedia":[{"embeddable":true,"href":"https:\/\/ewtnromania.com\/ro\/wp-json\/wp\/v2\/media\/4453"}],"wp:attachment":[{"href":"https:\/\/ewtnromania.com\/ro\/wp-json\/wp\/v2\/media?parent=4454"}],"wp:term":[{"taxonomy":"category","embeddable":true,"href":"https:\/\/ewtnromania.com\/ro\/wp-json\/wp\/v2\/categories?post=4454"},{"taxonomy":"post_tag","embeddable":true,"href":"https:\/\/ewtnromania.com\/ro\/wp-json\/wp\/v2\/tags?post=4454"}],"curies":[{"name":"wp","href":"https:\/\/api.w.org\/{rel}","templated":true}]}}