{"id":4458,"date":"2026-04-26T08:04:42","date_gmt":"2026-04-26T08:04:42","guid":{"rendered":"https:\/\/ewtnromania.com\/ro\/2026\/04\/26\/kicked-out-of-mass-as-a-mischievous-child-pope-leo-ordained-him-sunday\/"},"modified":"2026-04-26T08:04:42","modified_gmt":"2026-04-26T08:04:42","slug":"kicked-out-of-mass-as-a-mischievous-child-pope-leo-ordained-him-sunday","status":"publish","type":"post","link":"https:\/\/ewtnromania.com\/ro\/2026\/04\/26\/kicked-out-of-mass-as-a-mischievous-child-pope-leo-ordained-him-sunday\/","title":{"rendered":"Dat afar\u0103 de la Liturghie pe c\u00e2nd era un copil neast\u00e2mp\u0103rat, Papa Leon l-a hirotonit duminic\u0103"},"content":{"rendered":"<p>Seminari\u0219tii \u0219i-au \u00eemp\u0103rt\u0103\u0219it pove\u0219tile personale despre cum au auzit \u0219i au r\u0103spuns chem\u0103rii lui Dumnezeu la preo\u021bie.Dieceza de Roma a \u00eemp\u0103rt\u0103\u0219it m\u0103rturiile a opt seminari\u0219ti care, pe 26 aprilie, Duminica Bunului P\u0103stor, au fost hirotoni\u021bi preo\u021bi de Papa Leon al XIV-lea. Printre ace\u0219tia se num\u0103r\u0103 Christian Sguazzino, care \u00een copil\u0103rie a fost odat\u0103 dat afar\u0103 de la Liturghie de c\u0103tre un preot pentru c\u0103 provoca \u201chaos\u201d.\u201d<\/p>\n<p>Sguazzino, \u00eempreun\u0103 cu diaconul Danilo Defant \u0219i sora Ester Maddalena Iapenna, \u0219i-au \u00eemp\u0103rt\u0103\u0219it m\u0103rturiile vineri, 24 aprilie, la Bazilica Sf\u00e2ntul Ioan Lateran, biserica catedral\u0103 din Roma, \u00een timpul privegherii de rug\u0103ciune pentru voca\u021bii.<\/p>\n<p>Sguazzino \u0219i-a descoperit voca\u021bia la parohia Sf\u00e2ntul Ioan al Crucii. \u201cC\u00e2nd eram copil - dup\u0103 ce f\u0103cusem prima \u00eemp\u0103rt\u0103\u0219anie - mergeam s\u0103 joc fotbal \u0219i apoi mergeam la Liturghie \u00een fiecare zi, aduc\u00e2nd \u00eentotdeauna cu mine un prieten\u201d, a povestit viitorul preot.<\/p>\n<p>\u201cLa acea vreme, nu exista nici m\u0103car o cl\u0103dire bisericeasc\u0103 adecvat\u0103; \u00een schimb, slujbele erau \u021binute \u00een corturi. Eu \u0219i prietenii mei, fire\u0219te, am provocat un pic de haos. A\u0219a c\u0103, \u00eentr-o zi, pastorul asistent ne-a dat afar\u0103 \u0219i ne-a spus c\u0103 vom fi excomunica\u021bi!\u201d, a povestit el cu un z\u00e2mbet.<\/p>\n<p>Amintindu-\u0219i acea perioad\u0103 de r\u0103ut\u0103\u021bi, Sguazzino a spus c\u0103 \u201cchiar \u0219i atunci - \u00een ciuda tuturor lucrurilor - am sim\u021bit bucuria de a fi \u00een biseric\u0103; \u00eemi pl\u0103cea s\u0103 privesc altarul \u0219i tabernacolul\u201d. De-a lungul c\u0103l\u0103toriei sale, a subliniat el, a fost crucial s\u0103 \u00eent\u00e2lneasc\u0103 \u201cat\u00e2t de mul\u021bi preo\u021bi care erau ferici\u021bi s\u0103 fie preo\u021bi. M\u0103rturia lor a fost fundamental\u0103\u201d.\u201d<\/p>\n<p>Un unchi care era preot l-a sprijinit \u00eentotdeauna<\/p>\n<p>Yordan Camilo Medina este columbian \u0219i are un unchi care este preot. \u00cen copil\u0103rie, poveste\u0219te el, \u201cobi\u0219nuiam s\u0103 \u00eel \u00eenso\u021besc pentru a duce \u00eemp\u0103rt\u0103\u0219ania \u00een comunit\u0103\u021bile de munte, iar bucuria credincio\u0219ilor la primirea trupului lui Hristos era incredibil\u0103\u201d.\u201d<\/p>\n<p>\u201cAcum, \u0219i el se afl\u0103 la Roma, iar eu l-am urmat aici pe calea form\u0103rii mele preo\u021be\u0219ti. El m-a sprijinit \u00eentotdeauna\u201d, a ad\u0103ugat el.<\/p>\n<p>El visa s\u0103 devin\u0103 c\u0103lug\u0103r<\/p>\n<p>Giovanni Emanuele Nunziante are 32 de ani. S-a n\u0103scut la Roma, dar \u0219i-a petrecut o parte din copil\u0103rie \u00een Anglia. \u201cDac\u0103 ar trebui s\u0103 v\u0103 spun cum a \u00eenceput voca\u021bia mea, cea mai veche amintire a mea dateaz\u0103 de c\u00e2nd eram copil\u201c, a spus el. \u201dNu \u00een\u021belegeam \u00eenc\u0103 pe deplin ce \u00eenseamn\u0103 s\u0103 fii preot, dar visam s\u0103 fiu aproape de Domnul \u0219i m\u0103 jucam cu ideea de a deveni frate. Apoi, totul a disp\u0103rut \u00een uitare!\u201d<\/p>\n<p>Chemarea a revenit cu putere \u00een 2016, \u00een timpul celei de-a patra duminici de Pa\u0219ti. \u201cLa auzul Evangheliei Bunului P\u0103stor, dorin\u021ba de a fi aproape de Domnul \u00eentr-un mod special a revenit... Mi-am dat seama c\u0103 dorin\u021ba mea cea mai profund\u0103 era s\u0103-mi ofer via\u021ba la fel ca Isus - Bunul P\u0103stor\u201d, a spus el.<\/p>\n<p>Influen\u021ba C\u0103ii Neocatecumenale<\/p>\n<p>Antonino Ordine, \u00een v\u00e2rst\u0103 de 27 de ani, a povestit c\u0103 voca\u021bia sa s-a n\u0103scut \u00een cadrul programului de formare \u00een credin\u021b\u0103 cunoscut sub numele de Calea Neocatecumenal\u0103: \u201cM-am n\u0103scut \u0219i am crescut \u00eentr-o familie foarte practicant\u0103, iar acest lucru m-a determinat s\u0103 apreciez frumuse\u021bea muncii pe care Biserica o desf\u0103\u0219oar\u0103 zilnic. Am avut norocul de a \u00eent\u00e2lni preo\u021bi \u0219i familii de misionari, \u00een special \u00een timpul unei misiuni \u00een Suedia, care au fost fundamentali pentru discern\u0103m\u00e2ntul meu.\u201d<\/p>\n<p>A vrut s\u0103 devin\u0103 doctor \u0219i, dup\u0103 ce a servit \u00een misiuni \u00een America Latin\u0103, Orientul Mijlociu \u0219i India, \u0219i-a dat seama c\u0103 Dumnezeu \u00eel chema s\u0103 se d\u0103ruiasc\u0103 complet din dragoste pentru El.<\/p>\n<p>S-a n\u0103scut \u00een Africa, \u00eentr-o familie necatolic\u0103<\/p>\n<p>Jos Emanuel Nleme Sabate s-a n\u0103scut \u00een Camerun. \u201cTat\u0103l meu era protestant \u0219i ne rugam adesea acas\u0103\u201d, a spus el. \u201cC\u00e2nd aveam 11 ani, am intrat la seminarul minor al diocezei mele natale, deoarece avea reputa\u021bia unei \u0219coli excelente. Acolo am \u00eenv\u0103\u021bat despre catolicism\u201d.\u201d<\/p>\n<p>\u201cAm fost botezat la v\u00e2rsta de 12 ani \u0219i cred c\u0103 \u00een timpul acelui ritual, care \u00eemi era necunoscut la acea vreme, am decis s\u0103 devin preot\u201d, a povestit el. Acum studiaz\u0103 limbajul semnelor \u0219i ajut\u0103 persoanele cu dizabilit\u0103\u021bi.<\/p>\n<p>A fost un pianist de talie interna\u021bional\u0103<\/p>\n<p>\u201cProvin dintr-o familie catolic\u0103\u201d, a povestit Daniele Riscica, \u201c\u0219i am participat \u00eentotdeauna la activit\u0103\u021bile parohiale; cu toate acestea, am studiat la Conservatorul din Frosinone \u0219i mi-am completat studiile de pian \u00een muzic\u0103 clasic\u0103. De acolo, mi-am continuat cariera ca pianist concertist.\u201d<\/p>\n<p>Considerat o stea \u00een ascensiune pe scena interna\u021bional\u0103 a pianului la v\u00e2rsta de 24 de ani, el a declarat: \u201cAm atins deja multe obiective \u00een via\u021b\u0103, dar nu eram mul\u021bumit. Sim\u021beam c\u0103 Dumnezeu m\u0103 cheam\u0103 la ceva mai mult. A\u0219a c\u0103 am \u00eencercat s\u0103 intru la seminar - aproape ca un test... \u0219i acolo m-am sim\u021bit fericit\u201d.\u201d<\/p>\n<p>El este recunosc\u0103tor pentru credin\u021ba p\u0103rin\u021bilor s\u0103i<\/p>\n<p>Giorgio Larosa are 30 de ani \u0219i a spus c\u0103 \u201cvoca\u021bia sa s-a n\u0103scut din frecventarea parohiei, datorit\u0103 credin\u021bei pe care mi-au insuflat-o p\u0103rin\u021bii mei\u201d.\u201d<\/p>\n<p>Exemplul p\u0103rin\u021bilor s\u0103i, precum \u0219i \u2019exemplul altor cre\u0219tini, laici \u0219i preo\u021bi, a fost, de asemenea, foarte puternic. \u00cen pove\u0219tile lor, am v\u0103zut puterea Evangheliei\u201c, a povestit el.<\/p>\n<p>El \u0219i-a p\u0103r\u0103sit slujba \u0219i a intrat la seminar<\/p>\n<p>Guglielmo Lapenna are 35 de ani \u0219i a lucrat \u00eentr-o fabric\u0103 de b\u0103uturi alcoolice \u00eenainte de a-\u0219i \u00eencepe formarea pentru preo\u021bie.<\/p>\n<p>\u201c\u00cen timpul Zilei Mondiale a Tineretului 2016 din Cracovia, am decis s\u0103-mi p\u0103r\u0103sesc slujba \u0219i s\u0103 intru la seminar\u201d, a povestit el, ad\u0103ug\u00e2nd: \u201cIar Domnul mi-a reafirmat voca\u021bia \u00een fiecare zi\u201d.\u201d<\/p>\n<p>Slujba de hirotonire \u00een \u00eentregime<\/p>\n<p>Acest articol a fost publicat ini\u021bial de ACI Prensa, serviciul de limb\u0103 spaniol\u0103 al EWTN News. Ea a fost tradus\u0103 \u0219i adaptat\u0103 de EWTN News English.<\/p>\n<p><em>Surs\u0103: <a href=\"https:\/\/ewtnvatican.com\/articles\/kicked-out-of-mass-as-a-mischievous-child-pope-leo-ordained-him-sunday\" target=\"_blank\" rel=\"noopener noreferrer\">https:\/\/ewtnvatican.com\/articles\/kicked-out-of-mass-as-a-mischievous-child-pope-leo-ordained-him-sunday<\/a><\/em><\/p>","protected":false},"excerpt":{"rendered":"<p>Seminari\u0219tii \u0219i-au \u00eemp\u0103rt\u0103\u0219it pove\u0219tile personale despre cum au auzit \u0219i au r\u0103spuns chem\u0103rii lui Dumnezeu la preo\u021bie.Dieceza de Roma a \u00eemp\u0103rt\u0103\u0219it m\u0103rturiile a opt seminari\u0219ti care, pe 26 aprilie, Duminica Bunului P\u0103stor, au fost hirotoni\u021bi preo\u021bi de Papa Leon al XIV-lea. Printre ace\u0219tia se num\u0103r\u0103 Christian Sguazzino, care \u00een copil\u0103rie a fost odat\u0103 dat afar\u0103 de la Liturghie de un [...]<\/p>","protected":false},"author":26,"featured_media":4457,"comment_status":"open","ping_status":"open","sticky":false,"template":"","format":"standard","meta":{"footnotes":""},"categories":[12],"tags":[],"class_list":["post-4458","post","type-post","status-publish","format-standard","has-post-thumbnail","hentry","category-vatican"],"_links":{"self":[{"href":"https:\/\/ewtnromania.com\/ro\/wp-json\/wp\/v2\/posts\/4458","targetHints":{"allow":["GET"]}}],"collection":[{"href":"https:\/\/ewtnromania.com\/ro\/wp-json\/wp\/v2\/posts"}],"about":[{"href":"https:\/\/ewtnromania.com\/ro\/wp-json\/wp\/v2\/types\/post"}],"author":[{"embeddable":true,"href":"https:\/\/ewtnromania.com\/ro\/wp-json\/wp\/v2\/users\/26"}],"replies":[{"embeddable":true,"href":"https:\/\/ewtnromania.com\/ro\/wp-json\/wp\/v2\/comments?post=4458"}],"version-history":[{"count":0,"href":"https:\/\/ewtnromania.com\/ro\/wp-json\/wp\/v2\/posts\/4458\/revisions"}],"wp:featuredmedia":[{"embeddable":true,"href":"https:\/\/ewtnromania.com\/ro\/wp-json\/wp\/v2\/media\/4457"}],"wp:attachment":[{"href":"https:\/\/ewtnromania.com\/ro\/wp-json\/wp\/v2\/media?parent=4458"}],"wp:term":[{"taxonomy":"category","embeddable":true,"href":"https:\/\/ewtnromania.com\/ro\/wp-json\/wp\/v2\/categories?post=4458"},{"taxonomy":"post_tag","embeddable":true,"href":"https:\/\/ewtnromania.com\/ro\/wp-json\/wp\/v2\/tags?post=4458"}],"curies":[{"name":"wp","href":"https:\/\/api.w.org\/{rel}","templated":true}]}}